{"id":3764,"date":"2025-10-08T08:42:23","date_gmt":"2025-10-08T06:42:23","guid":{"rendered":"https:\/\/www.ausolan.com\/ausolan-presenta-su-nueva-mision-vision-y-valores\/"},"modified":"2025-10-09T09:18:27","modified_gmt":"2025-10-09T07:18:27","slug":"ausolan-presenta-su-nueva-mision-vision-y-valores","status":"publish","type":"post","link":"https:\/\/www.ausolan.com\/gl\/actualidade\/ausolan-presenta-su-nueva-mision-vision-y-valores\/","title":{"rendered":"Ausolan presenta su nueva Misi\u00f3n, Visi\u00f3n y Valores"},"content":{"rendered":"\n<p>Ausolan \u00e9 un proxecto compartido, onde cada paso de hoxe nos achega ao futuro que <strong>xuntos estamos constru\u00edndo.<\/strong>&nbsp;<\/p>\n\n\n\n<p>Dentro do plan estrat\u00e9xico 2025-2028 fixemos unha pausa para reflexionar: por que estamos aqu\u00ed?, que principios nos inspiran?, cara a onde queremos dirixirnos como organizaci\u00f3n?<\/p>\n\n\n\n<p>Froito desa reflexi\u00f3n actualizamos a nosa Misi\u00f3n, Visi\u00f3n e Valores. Quixemos manter a esencia que nos define, pero adapt\u00e1ndoa \u00e1 realidade actual e aos retos do d\u00eda de ma\u00f1\u00e1.<\/p>\n\n\n\n<p><em>\u201cA cooperaci\u00f3n \u00e9 a poderosa panca que multiplica as nosas forzas\u201d. \u2013 J. M. ARIZMENDIARRIETA<\/em><\/p>\n\n\n\n<p><strong><u>Misi\u00f3n<\/u><\/strong><\/p>\n\n\n\n<p>A nosa <strong>Misi\u00f3n, <\/strong>iso que facemos cada d\u00eda ou o que \u00e9 o mesmo, o prop\u00f3sito fundamental da nosa empresa. <strong>Que facemos? Para quen o facemos?<\/strong><\/p>\n\n\n\n<p>Acheg\u00e1moslles valor aos nosos clientes xerando confianza a trav\u00e9s da nosa profesionalidade, proximidade e cumprimento da palabra.<\/p>\n\n\n\n<p>Unha forma de ser e de facer que crea relaci\u00f3ns duradeiras grazas a un proxecto socioempresarial inspirado en valores cooperativos.<\/p>\n\n\n\n<p><strong><u>Visi\u00f3n<\/u><\/strong><\/p>\n\n\n\n<p>\u00c9 a aspiraci\u00f3n da nosa empresa. \u00c9 a onde queremos chegar a longo prazo.&nbsp;<strong>Que queremos lograr no futuro?<\/strong><\/p>\n\n\n\n<p>Insp\u00edranos unha Ausolan forte e comprometida, que preserva o noso legado a trav\u00e9s de resultados que garanten un mellor futuro e suman ao benestar da sociedade.<\/p>\n\n\n\n<p><strong><u>Valores<\/u><\/strong><\/p>\n\n\n\n<p>Estes principios que nos gu\u00edan no d\u00eda a d\u00eda. M\u00e1rcannos como facemos o noso traballo, como nos relacionamos coas persoas e como tomamos decisi\u00f3ns. Definen a nosa cultura e a nosa forma de traballar:<\/p>\n\n\n\n<p><strong>Alma:<\/strong> Somos alma cooperativa<\/p>\n\n\n\n<p>Implic\u00e1monos en todo o que facemos porque nos importan as persoas.<\/p>\n\n\n\n<p>A nosa capacidade para traballar, cooperar e empatizar, tanto dentro de Ausolan coma cos clientes, \u00e9 a clave do noso \u00e9xito.<\/p>\n\n\n\n<p><strong>Palabra<\/strong>: Somos de palabra e de cumprir con ela<\/p>\n\n\n\n<p>Ofrecemos un servizo, onde a calidade e a proximidade nos permiten forxar relaci\u00f3ns duradeiras baseadas na confianza.<\/p>\n\n\n\n<p>Afrontamos cada d\u00eda con profesionalidade e implicaci\u00f3n, po\u00f1endo o maior esforzo en lograr un resultado capaz de superar as expectativas.<\/p>\n\n\n\n<p><strong>Acci\u00f3n:<\/strong> Somos de resolver, de solucionar, de dar o paso<\/p>\n\n\n\n<p>De ter iniciativa e de ofrecer soluci\u00f3ns innovadoras no d\u00eda a d\u00eda dos nosos clientes.<\/p>\n\n\n\n<p>Facemos nosos os seus retos traballando con flexibilidade para adaptarnos axilmente \u00e1s s\u00faas necesidades.<\/p>\n\n\n\n<figure class=\"wp-block-embed is-type-video is-provider-youtube wp-block-embed-youtube wp-embed-aspect-16-9 wp-has-aspect-ratio\"><div class=\"wp-block-embed__wrapper\">\n<iframe title=\"Misi\u00f3n, Visi\u00f3n e Valores\" width=\"500\" height=\"281\" data-src=\"https:\/\/www.youtube.com\/embed\/cnrE71_yEu8?feature=oembed\" frameborder=\"0\" allow=\"accelerometer; autoplay; clipboard-write; encrypted-media; gyroscope; picture-in-picture; web-share\" referrerpolicy=\"strict-origin-when-cross-origin\" allowfullscreen src=\"data:image\/gif;base64,R0lGODlhAQABAAAAACH5BAEKAAEALAAAAAABAAEAAAICTAEAOw==\" class=\"lazyload\" data-load-mode=\"1\"><\/iframe>\n<\/div><\/figure>\n","protected":false},"excerpt":{"rendered":"<p>Ausolan \u00e9 un proxecto compartido, onde cada paso de hoxe nos achega ao futuro que xuntos estamos constru\u00edndo.&nbsp; Dentro do plan estrat\u00e9xico 2025-2028 fixemos unha pausa para reflexionar: por que estamos aqu\u00ed?, que principios nos inspiran?, cara a onde queremos dirixirnos como organizaci\u00f3n? Froito desa reflexi\u00f3n actualizamos a nosa Misi\u00f3n, Visi\u00f3n e Valores. Quixemos manter [&hellip;]<\/p>\n","protected":false},"author":1,"featured_media":3772,"comment_status":"closed","ping_status":"closed","sticky":false,"template":"","format":"standard","meta":{"_acf_changed":false,"footnotes":""},"categories":[78,81],"tags":[],"class_list":["post-3764","post","type-post","status-publish","format-standard","has-post-thumbnail","hentry","category-compromiso-gl","category-corporativo-gl"],"acf":[],"yoast_head":"<!-- This site is optimized with the Yoast SEO plugin v24.8.1 - https:\/\/yoast.com\/wordpress\/plugins\/seo\/ -->\n<title>Ausolan presenta su nueva Misi\u00f3n, Visi\u00f3n y Valores | Ausolan<\/title>\n<meta name=\"robots\" content=\"index, follow, max-snippet:-1, max-image-preview:large, max-video-preview:-1\" \/>\n<link rel=\"canonical\" href=\"https:\/\/www.ausolan.com\/gl\/actualidade\/ausolan-presenta-su-nueva-mision-vision-y-valores\/\" \/>\n<meta property=\"og:locale\" content=\"gl_ES\" \/>\n<meta property=\"og:type\" content=\"article\" \/>\n<meta property=\"og:title\" content=\"Ausolan presenta su nueva Misi\u00f3n, Visi\u00f3n y Valores | Ausolan\" \/>\n<meta property=\"og:description\" content=\"Ausolan \u00e9 un proxecto compartido, onde cada paso de hoxe nos achega ao futuro que xuntos estamos constru\u00edndo.&nbsp; Dentro do plan estrat\u00e9xico 2025-2028 fixemos unha pausa para reflexionar: por que estamos aqu\u00ed?, que principios nos inspiran?, cara a onde queremos dirixirnos como organizaci\u00f3n? Froito desa reflexi\u00f3n actualizamos a nosa Misi\u00f3n, Visi\u00f3n e Valores. Quixemos manter [&hellip;]\" \/>\n<meta property=\"og:url\" content=\"https:\/\/www.ausolan.com\/gl\/actualidade\/ausolan-presenta-su-nueva-mision-vision-y-valores\/\" \/>\n<meta property=\"og:site_name\" content=\"Ausolan\" \/>\n<meta property=\"article:published_time\" content=\"2025-10-08T06:42:23+00:00\" \/>\n<meta property=\"article:modified_time\" content=\"2025-10-09T07:18:27+00:00\" \/>\n<meta property=\"og:image\" content=\"https:\/\/www.ausolan.com\/wp-content\/uploads\/2025\/10\/29.png\" \/>\n\t<meta property=\"og:image:width\" content=\"1600\" \/>\n\t<meta property=\"og:image:height\" content=\"900\" \/>\n\t<meta property=\"og:image:type\" content=\"image\/png\" \/>\n<meta name=\"author\" content=\"ausolan\" \/>\n<meta name=\"twitter:card\" content=\"summary_large_image\" \/>\n<meta name=\"twitter:label1\" content=\"Escrito por\" \/>\n\t<meta name=\"twitter:data1\" content=\"ausolan\" \/>\n\t<meta name=\"twitter:label2\" content=\"Tempo de lectura\" \/>\n\t<meta name=\"twitter:data2\" content=\"2 minutos\" \/>\n<script type=\"application\/ld+json\" class=\"yoast-schema-graph\">{\"@context\":\"https:\/\/schema.org\",\"@graph\":[{\"@type\":\"WebPage\",\"@id\":\"https:\/\/www.ausolan.com\/gl\/actualidade\/ausolan-presenta-su-nueva-mision-vision-y-valores\/\",\"url\":\"https:\/\/www.ausolan.com\/gl\/actualidade\/ausolan-presenta-su-nueva-mision-vision-y-valores\/\",\"name\":\"Ausolan presenta su nueva Misi\u00f3n, Visi\u00f3n y Valores | Ausolan\",\"isPartOf\":{\"@id\":\"https:\/\/www.ausolan.com\/gl\/#website\"},\"primaryImageOfPage\":{\"@id\":\"https:\/\/www.ausolan.com\/gl\/actualidade\/ausolan-presenta-su-nueva-mision-vision-y-valores\/#primaryimage\"},\"image\":{\"@id\":\"https:\/\/www.ausolan.com\/gl\/actualidade\/ausolan-presenta-su-nueva-mision-vision-y-valores\/#primaryimage\"},\"thumbnailUrl\":\"\/wp-content\/uploads\/2025\/10\/29.png\",\"datePublished\":\"2025-10-08T06:42:23+00:00\",\"dateModified\":\"2025-10-09T07:18:27+00:00\",\"author\":{\"@id\":\"https:\/\/www.ausolan.com\/gl\/#\/schema\/person\/569b7059e96c50f7ad76b6c44b5e3015\"},\"breadcrumb\":{\"@id\":\"https:\/\/www.ausolan.com\/gl\/actualidade\/ausolan-presenta-su-nueva-mision-vision-y-valores\/#breadcrumb\"},\"inLanguage\":\"gl-ES\",\"potentialAction\":[{\"@type\":\"ReadAction\",\"target\":[\"https:\/\/www.ausolan.com\/gl\/actualidade\/ausolan-presenta-su-nueva-mision-vision-y-valores\/\"]}]},{\"@type\":\"ImageObject\",\"inLanguage\":\"gl-ES\",\"@id\":\"https:\/\/www.ausolan.com\/gl\/actualidade\/ausolan-presenta-su-nueva-mision-vision-y-valores\/#primaryimage\",\"url\":\"\/wp-content\/uploads\/2025\/10\/29.png\",\"contentUrl\":\"\/wp-content\/uploads\/2025\/10\/29.png\",\"width\":1600,\"height\":900},{\"@type\":\"BreadcrumbList\",\"@id\":\"https:\/\/www.ausolan.com\/gl\/actualidade\/ausolan-presenta-su-nueva-mision-vision-y-valores\/#breadcrumb\",\"itemListElement\":[{\"@type\":\"ListItem\",\"position\":1,\"name\":\"Portada\",\"item\":\"https:\/\/www.ausolan.com\/gl\/\"},{\"@type\":\"ListItem\",\"position\":2,\"name\":\"Ausolan presenta su nueva Misi\u00f3n, Visi\u00f3n y Valores\"}]},{\"@type\":\"WebSite\",\"@id\":\"https:\/\/www.ausolan.com\/gl\/#website\",\"url\":\"https:\/\/www.ausolan.com\/gl\/\",\"name\":\"Ausolan\",\"description\":\"Restauraci\u00f3n e limpeza colectiva\",\"potentialAction\":[{\"@type\":\"SearchAction\",\"target\":{\"@type\":\"EntryPoint\",\"urlTemplate\":\"https:\/\/www.ausolan.com\/gl\/?s={search_term_string}\"},\"query-input\":{\"@type\":\"PropertyValueSpecification\",\"valueRequired\":true,\"valueName\":\"search_term_string\"}}],\"inLanguage\":\"gl-ES\"},{\"@type\":\"Person\",\"@id\":\"https:\/\/www.ausolan.com\/gl\/#\/schema\/person\/569b7059e96c50f7ad76b6c44b5e3015\",\"name\":\"ausolan\",\"image\":{\"@type\":\"ImageObject\",\"inLanguage\":\"gl-ES\",\"@id\":\"https:\/\/www.ausolan.com\/gl\/#\/schema\/person\/image\/\",\"url\":\"https:\/\/secure.gravatar.com\/avatar\/90cdb1518b5f37dba0ba233a32cd632e?s=96&d=mm&r=g\",\"contentUrl\":\"https:\/\/secure.gravatar.com\/avatar\/90cdb1518b5f37dba0ba233a32cd632e?s=96&d=mm&r=g\",\"caption\":\"ausolan\"},\"sameAs\":[\"https:\/\/www.ausolan.com\"],\"url\":\"https:\/\/www.ausolan.com\/gl\/author\/ausolan\/\"}]}<\/script>\n<!-- \/ Yoast SEO plugin. -->","yoast_head_json":{"title":"Ausolan presenta su nueva Misi\u00f3n, Visi\u00f3n y Valores | Ausolan","robots":{"index":"index","follow":"follow","max-snippet":"max-snippet:-1","max-image-preview":"max-image-preview:large","max-video-preview":"max-video-preview:-1"},"canonical":"https:\/\/www.ausolan.com\/gl\/actualidade\/ausolan-presenta-su-nueva-mision-vision-y-valores\/","og_locale":"gl_ES","og_type":"article","og_title":"Ausolan presenta su nueva Misi\u00f3n, Visi\u00f3n y Valores | Ausolan","og_description":"Ausolan \u00e9 un proxecto compartido, onde cada paso de hoxe nos achega ao futuro que xuntos estamos constru\u00edndo.&nbsp; Dentro do plan estrat\u00e9xico 2025-2028 fixemos unha pausa para reflexionar: por que estamos aqu\u00ed?, que principios nos inspiran?, cara a onde queremos dirixirnos como organizaci\u00f3n? Froito desa reflexi\u00f3n actualizamos a nosa Misi\u00f3n, Visi\u00f3n e Valores. Quixemos manter [&hellip;]","og_url":"https:\/\/www.ausolan.com\/gl\/actualidade\/ausolan-presenta-su-nueva-mision-vision-y-valores\/","og_site_name":"Ausolan","article_published_time":"2025-10-08T06:42:23+00:00","article_modified_time":"2025-10-09T07:18:27+00:00","og_image":[{"width":1600,"height":900,"url":"https:\/\/www.ausolan.com\/wp-content\/uploads\/2025\/10\/29.png","type":"image\/png"}],"author":"ausolan","twitter_card":"summary_large_image","twitter_misc":{"Escrito por":"ausolan","Tempo de lectura":"2 minutos"},"schema":{"@context":"https:\/\/schema.org","@graph":[{"@type":"WebPage","@id":"https:\/\/www.ausolan.com\/gl\/actualidade\/ausolan-presenta-su-nueva-mision-vision-y-valores\/","url":"https:\/\/www.ausolan.com\/gl\/actualidade\/ausolan-presenta-su-nueva-mision-vision-y-valores\/","name":"Ausolan presenta su nueva Misi\u00f3n, Visi\u00f3n y Valores | Ausolan","isPartOf":{"@id":"https:\/\/www.ausolan.com\/gl\/#website"},"primaryImageOfPage":{"@id":"https:\/\/www.ausolan.com\/gl\/actualidade\/ausolan-presenta-su-nueva-mision-vision-y-valores\/#primaryimage"},"image":{"@id":"https:\/\/www.ausolan.com\/gl\/actualidade\/ausolan-presenta-su-nueva-mision-vision-y-valores\/#primaryimage"},"thumbnailUrl":"\/wp-content\/uploads\/2025\/10\/29.png","datePublished":"2025-10-08T06:42:23+00:00","dateModified":"2025-10-09T07:18:27+00:00","author":{"@id":"https:\/\/www.ausolan.com\/gl\/#\/schema\/person\/569b7059e96c50f7ad76b6c44b5e3015"},"breadcrumb":{"@id":"https:\/\/www.ausolan.com\/gl\/actualidade\/ausolan-presenta-su-nueva-mision-vision-y-valores\/#breadcrumb"},"inLanguage":"gl-ES","potentialAction":[{"@type":"ReadAction","target":["https:\/\/www.ausolan.com\/gl\/actualidade\/ausolan-presenta-su-nueva-mision-vision-y-valores\/"]}]},{"@type":"ImageObject","inLanguage":"gl-ES","@id":"https:\/\/www.ausolan.com\/gl\/actualidade\/ausolan-presenta-su-nueva-mision-vision-y-valores\/#primaryimage","url":"\/wp-content\/uploads\/2025\/10\/29.png","contentUrl":"\/wp-content\/uploads\/2025\/10\/29.png","width":1600,"height":900},{"@type":"BreadcrumbList","@id":"https:\/\/www.ausolan.com\/gl\/actualidade\/ausolan-presenta-su-nueva-mision-vision-y-valores\/#breadcrumb","itemListElement":[{"@type":"ListItem","position":1,"name":"Portada","item":"https:\/\/www.ausolan.com\/gl\/"},{"@type":"ListItem","position":2,"name":"Ausolan presenta su nueva Misi\u00f3n, Visi\u00f3n y Valores"}]},{"@type":"WebSite","@id":"https:\/\/www.ausolan.com\/gl\/#website","url":"https:\/\/www.ausolan.com\/gl\/","name":"Ausolan","description":"Restauraci\u00f3n e limpeza colectiva","potentialAction":[{"@type":"SearchAction","target":{"@type":"EntryPoint","urlTemplate":"https:\/\/www.ausolan.com\/gl\/?s={search_term_string}"},"query-input":{"@type":"PropertyValueSpecification","valueRequired":true,"valueName":"search_term_string"}}],"inLanguage":"gl-ES"},{"@type":"Person","@id":"https:\/\/www.ausolan.com\/gl\/#\/schema\/person\/569b7059e96c50f7ad76b6c44b5e3015","name":"ausolan","image":{"@type":"ImageObject","inLanguage":"gl-ES","@id":"https:\/\/www.ausolan.com\/gl\/#\/schema\/person\/image\/","url":"https:\/\/secure.gravatar.com\/avatar\/90cdb1518b5f37dba0ba233a32cd632e?s=96&d=mm&r=g","contentUrl":"https:\/\/secure.gravatar.com\/avatar\/90cdb1518b5f37dba0ba233a32cd632e?s=96&d=mm&r=g","caption":"ausolan"},"sameAs":["https:\/\/www.ausolan.com"],"url":"https:\/\/www.ausolan.com\/gl\/author\/ausolan\/"}]}},"_links":{"self":[{"href":"https:\/\/www.ausolan.com\/gl\/wp-json\/wp\/v2\/posts\/3764","targetHints":{"allow":["GET"]}}],"collection":[{"href":"https:\/\/www.ausolan.com\/gl\/wp-json\/wp\/v2\/posts"}],"about":[{"href":"https:\/\/www.ausolan.com\/gl\/wp-json\/wp\/v2\/types\/post"}],"author":[{"embeddable":true,"href":"https:\/\/www.ausolan.com\/gl\/wp-json\/wp\/v2\/users\/1"}],"replies":[{"embeddable":true,"href":"https:\/\/www.ausolan.com\/gl\/wp-json\/wp\/v2\/comments?post=3764"}],"version-history":[{"count":0,"href":"https:\/\/www.ausolan.com\/gl\/wp-json\/wp\/v2\/posts\/3764\/revisions"}],"wp:featuredmedia":[{"embeddable":true,"href":"https:\/\/www.ausolan.com\/gl\/wp-json\/wp\/v2\/media\/3772"}],"wp:attachment":[{"href":"https:\/\/www.ausolan.com\/gl\/wp-json\/wp\/v2\/media?parent=3764"}],"wp:term":[{"taxonomy":"category","embeddable":true,"href":"https:\/\/www.ausolan.com\/gl\/wp-json\/wp\/v2\/categories?post=3764"},{"taxonomy":"post_tag","embeddable":true,"href":"https:\/\/www.ausolan.com\/gl\/wp-json\/wp\/v2\/tags?post=3764"}],"curies":[{"name":"wp","href":"https:\/\/api.w.org\/{rel}","templated":true}]}}