{"id":3706,"date":"2025-10-06T09:31:48","date_gmt":"2025-10-06T07:31:48","guid":{"rendered":"https:\/\/www.ausolan.com\/ausolan-y-platano-de-canarias-renuevan-su-alianza-para-fomentar-la-fruta-producida-en-espana-en-los-comedores-escolares\/"},"modified":"2025-10-06T11:27:41","modified_gmt":"2025-10-06T09:27:41","slug":"ausolan-y-platano-de-canarias-renuevan-su-alianza-para-fomentar-la-fruta-producida-en-espana-en-los-comedores-escolares","status":"publish","type":"post","link":"https:\/\/www.ausolan.com\/gl\/actualidade\/ausolan-y-platano-de-canarias-renuevan-su-alianza-para-fomentar-la-fruta-producida-en-espana-en-los-comedores-escolares\/","title":{"rendered":"Ausolan e Pl\u00e1tano de Canarias renovan a s\u00faa alianza para fomentar a froita producida en Espa\u00f1a nos comedores escolares"},"content":{"rendered":"\n<ul class=\"wp-block-list\">\n<li><strong>O acordo garante a continuidade do fornecemento semanal de pl\u00e1tano de Canarias IXP a m\u00e1is de 1.700\u00a0centros educativos, en lugar do substitutivo de importaci\u00f3n<\/strong><\/li>\n\n\n\n<li><strong>Como parte do seu Proxecto Educativo, Ausolan lanza a campa\u00f1a \u201cAct\u00edvate con pl\u00e1tano de Canarias\u201d, destinada a fomentar a actividade f\u00edsica e os h\u00e1bitos de vida saudables entre m\u00e1is de 5.000\u00a0escolares de 60\u00a0centros con comedor en distintas comunidades.<\/strong><\/li>\n<\/ul>\n\n\n\n<figure class=\"wp-block-image size-full\"><img decoding=\"async\" width=\"1017\" height=\"630\" data-src=\"\/wp-content\/uploads\/2025\/10\/Platano.jpg\" alt=\"\" class=\"wp-image-3698 lazyload\" data-srcset=\"\/wp-content\/uploads\/2025\/10\/Platano.jpg 1017w, \/wp-content\/uploads\/2025\/10\/Platano-300x186.jpg 300w, \/wp-content\/uploads\/2025\/10\/Platano-768x476.jpg 768w, \/wp-content\/uploads\/2025\/10\/Platano-450x279.jpg 450w, \/wp-content\/uploads\/2025\/10\/Platano-900x558.jpg 900w, \/wp-content\/uploads\/2025\/10\/Platano-992x615.jpg 992w\" data-sizes=\"(max-width: 1017px) 100vw, 1017px\" src=\"data:image\/gif;base64,R0lGODlhAQABAAAAACH5BAEKAAEALAAAAAABAAEAAAICTAEAOw==\" style=\"--smush-placeholder-width: 1017px; --smush-placeholder-aspect-ratio: 1017\/630;\" \/><\/figure>\n\n\n\n<p>Pl\u00e1tano de Canarias e Ausolan renovan, un ano m\u00e1is, o seu compromiso coa promoci\u00f3n da alimentaci\u00f3n saudable e o consumo de froita de orixe nacional nos \u00e1mbitos escolares.<\/p>\n\n\n\n<p>As\u00ed, durante o curso 2025-2026, m\u00e1is de 1.700&nbsp;centros contar\u00e1n, semanalmente, con pl\u00e1tano de Canarias no seu men\u00fa de mediod\u00eda. Un produto con est\u00e1ndares europeos de responsabilidade social, sostibilidade e calidade que, grazas ao seu sabor, fai que os menores acepten mellor a froita.<\/p>\n\n\n\n<p>Tal e como sinala <strong>Mikel Olarte<\/strong>, <strong>director de m\u00e1rketing<\/strong> de <strong>Ausolan<\/strong>, \u201c<em>entendemos o comedor como unha extensi\u00f3n da educaci\u00f3n que reciben na casa e na aula. Con iniciativas como esta, axudamos a que os m\u00e1is pequenos aprendan a valorar a froita, a s\u00faa orixe e o esforzo que hai detr\u00e1s de cada alimento\u201d.<\/em><\/p>\n\n\n\n<p>Pola s\u00faa parte, <strong>Sergio C\u00e1ceres<\/strong>, <strong>xerente e director de m\u00e1rketing de ASPROCAN<\/strong>, sinala que \u201c<em>para n\u00f3s, \u00e9 fundamental que os nenos e nenas te\u00f1an acceso a pl\u00e1tano de Canarias en todos os \u00e1mbitos da s\u00faa vida coti\u00e1, tam\u00e9n no escolar\u201d. <\/em>Esta alianza<em> \u201cperm\u00edtenos avanzar nese obxectivo e facelo da man de empresas que comparten o noso compromiso coa alimentaci\u00f3n saudable e coa promoci\u00f3n de produtos que achegan un valor engadido en seguridade e valores<\/em>\u201d, engade.<\/p>\n\n\n\n<p>Esta iniciativa l\u00f3grase grazas \u00e1 implicaci\u00f3n da Asociaci\u00f3n de Organizaci\u00f3ns de Produtores de Pl\u00e1tano de Canarias (ASPROCAN) e \u00e1 colaboraci\u00f3n de empresas de maduraci\u00f3n de pl\u00e1tano como Froitas Iru-Eurobanan, Mercamusa e Hermanos Fern\u00e1ndez L\u00f3pez, que aseguran a lox\u00edstica, estabilidade, e calidade do produto en destino.<\/p>\n\n\n\n<p><strong>Act\u00edvate con pl\u00e1tano de Canarias<\/strong><strong><\/strong><\/p>\n\n\n\n<p>Ademais, no marco do Proxecto Educativo de Ausolan, alumnos de entre 8 e 12&nbsp;anos de m\u00e1is de 60&nbsp;colexios de Madrid, do Pa\u00eds Vasco, Navarra e Asturias participar\u00e1n na campa\u00f1a \u201cAct\u00edvate con pl\u00e1tano de Canarias\u201d, con actividades f\u00edsicas nos patios escolares durante o mediod\u00eda, promovendo h\u00e1bitos saudables e o consumo de froitas.<\/p>\n","protected":false},"excerpt":{"rendered":"<p>Pl\u00e1tano de Canarias e Ausolan renovan, un ano m\u00e1is, o seu compromiso coa promoci\u00f3n da alimentaci\u00f3n saudable e o consumo de froita de orixe nacional nos \u00e1mbitos escolares. As\u00ed, durante o curso 2025-2026, m\u00e1is de 1.700&nbsp;centros contar\u00e1n, semanalmente, con pl\u00e1tano de Canarias no seu men\u00fa de mediod\u00eda. Un produto con est\u00e1ndares europeos de responsabilidade social, [&hellip;]<\/p>\n","protected":false},"author":1,"featured_media":3702,"comment_status":"closed","ping_status":"closed","sticky":false,"template":"","format":"standard","meta":{"_acf_changed":false,"footnotes":""},"categories":[78,82],"tags":[],"class_list":["post-3706","post","type-post","status-publish","format-standard","has-post-thumbnail","hentry","category-compromiso-gl","category-dia-a-dia-gl"],"acf":[],"yoast_head":"<!-- This site is optimized with the Yoast SEO plugin v24.8.1 - https:\/\/yoast.com\/wordpress\/plugins\/seo\/ -->\n<title>Ausolan e Pl\u00e1tano de Canarias renovan a s\u00faa alianza para fomentar a froita producida en Espa\u00f1a nos comedores escolares | Ausolan<\/title>\n<meta name=\"robots\" content=\"index, follow, max-snippet:-1, max-image-preview:large, max-video-preview:-1\" \/>\n<link rel=\"canonical\" href=\"https:\/\/www.ausolan.com\/gl\/actualidade\/ausolan-y-platano-de-canarias-renuevan-su-alianza-para-fomentar-la-fruta-producida-en-espana-en-los-comedores-escolares\/\" \/>\n<meta property=\"og:locale\" content=\"gl_ES\" \/>\n<meta property=\"og:type\" content=\"article\" \/>\n<meta property=\"og:title\" content=\"Ausolan e Pl\u00e1tano de Canarias renovan a s\u00faa alianza para fomentar a froita producida en Espa\u00f1a nos comedores escolares | Ausolan\" \/>\n<meta property=\"og:description\" content=\"Pl\u00e1tano de Canarias e Ausolan renovan, un ano m\u00e1is, o seu compromiso coa promoci\u00f3n da alimentaci\u00f3n saudable e o consumo de froita de orixe nacional nos \u00e1mbitos escolares. As\u00ed, durante o curso 2025-2026, m\u00e1is de 1.700&nbsp;centros contar\u00e1n, semanalmente, con pl\u00e1tano de Canarias no seu men\u00fa de mediod\u00eda. Un produto con est\u00e1ndares europeos de responsabilidade social, [&hellip;]\" \/>\n<meta property=\"og:url\" content=\"https:\/\/www.ausolan.com\/gl\/actualidade\/ausolan-y-platano-de-canarias-renuevan-su-alianza-para-fomentar-la-fruta-producida-en-espana-en-los-comedores-escolares\/\" \/>\n<meta property=\"og:site_name\" content=\"Ausolan\" \/>\n<meta property=\"article:published_time\" content=\"2025-10-06T07:31:48+00:00\" \/>\n<meta property=\"article:modified_time\" content=\"2025-10-06T09:27:41+00:00\" \/>\n<meta property=\"og:image\" content=\"https:\/\/www.ausolan.com\/wp-content\/uploads\/2025\/10\/Platano.jpg\" \/>\n\t<meta property=\"og:image:width\" content=\"1017\" \/>\n\t<meta property=\"og:image:height\" content=\"630\" \/>\n\t<meta property=\"og:image:type\" content=\"image\/jpeg\" \/>\n<meta name=\"author\" content=\"ausolan\" \/>\n<meta name=\"twitter:card\" content=\"summary_large_image\" \/>\n<meta name=\"twitter:label1\" content=\"Escrito por\" \/>\n\t<meta name=\"twitter:data1\" content=\"ausolan\" \/>\n\t<meta name=\"twitter:label2\" content=\"Tempo de lectura\" \/>\n\t<meta name=\"twitter:data2\" content=\"3 minutos\" \/>\n<script type=\"application\/ld+json\" class=\"yoast-schema-graph\">{\"@context\":\"https:\/\/schema.org\",\"@graph\":[{\"@type\":\"WebPage\",\"@id\":\"https:\/\/www.ausolan.com\/gl\/actualidade\/ausolan-y-platano-de-canarias-renuevan-su-alianza-para-fomentar-la-fruta-producida-en-espana-en-los-comedores-escolares\/\",\"url\":\"https:\/\/www.ausolan.com\/gl\/actualidade\/ausolan-y-platano-de-canarias-renuevan-su-alianza-para-fomentar-la-fruta-producida-en-espana-en-los-comedores-escolares\/\",\"name\":\"Ausolan e Pl\u00e1tano de Canarias renovan a s\u00faa alianza para fomentar a froita producida en Espa\u00f1a nos comedores escolares | Ausolan\",\"isPartOf\":{\"@id\":\"https:\/\/www.ausolan.com\/gl\/#website\"},\"primaryImageOfPage\":{\"@id\":\"https:\/\/www.ausolan.com\/gl\/actualidade\/ausolan-y-platano-de-canarias-renuevan-su-alianza-para-fomentar-la-fruta-producida-en-espana-en-los-comedores-escolares\/#primaryimage\"},\"image\":{\"@id\":\"https:\/\/www.ausolan.com\/gl\/actualidade\/ausolan-y-platano-de-canarias-renuevan-su-alianza-para-fomentar-la-fruta-producida-en-espana-en-los-comedores-escolares\/#primaryimage\"},\"thumbnailUrl\":\"\/wp-content\/uploads\/2025\/10\/Platano.jpg\",\"datePublished\":\"2025-10-06T07:31:48+00:00\",\"dateModified\":\"2025-10-06T09:27:41+00:00\",\"author\":{\"@id\":\"https:\/\/www.ausolan.com\/gl\/#\/schema\/person\/569b7059e96c50f7ad76b6c44b5e3015\"},\"breadcrumb\":{\"@id\":\"https:\/\/www.ausolan.com\/gl\/actualidade\/ausolan-y-platano-de-canarias-renuevan-su-alianza-para-fomentar-la-fruta-producida-en-espana-en-los-comedores-escolares\/#breadcrumb\"},\"inLanguage\":\"gl-ES\",\"potentialAction\":[{\"@type\":\"ReadAction\",\"target\":[\"https:\/\/www.ausolan.com\/gl\/actualidade\/ausolan-y-platano-de-canarias-renuevan-su-alianza-para-fomentar-la-fruta-producida-en-espana-en-los-comedores-escolares\/\"]}]},{\"@type\":\"ImageObject\",\"inLanguage\":\"gl-ES\",\"@id\":\"https:\/\/www.ausolan.com\/gl\/actualidade\/ausolan-y-platano-de-canarias-renuevan-su-alianza-para-fomentar-la-fruta-producida-en-espana-en-los-comedores-escolares\/#primaryimage\",\"url\":\"\/wp-content\/uploads\/2025\/10\/Platano.jpg\",\"contentUrl\":\"\/wp-content\/uploads\/2025\/10\/Platano.jpg\",\"width\":1017,\"height\":630},{\"@type\":\"BreadcrumbList\",\"@id\":\"https:\/\/www.ausolan.com\/gl\/actualidade\/ausolan-y-platano-de-canarias-renuevan-su-alianza-para-fomentar-la-fruta-producida-en-espana-en-los-comedores-escolares\/#breadcrumb\",\"itemListElement\":[{\"@type\":\"ListItem\",\"position\":1,\"name\":\"Portada\",\"item\":\"https:\/\/www.ausolan.com\/gl\/\"},{\"@type\":\"ListItem\",\"position\":2,\"name\":\"Ausolan e Pl\u00e1tano de Canarias renovan a s\u00faa alianza para fomentar a froita producida en Espa\u00f1a nos comedores escolares\"}]},{\"@type\":\"WebSite\",\"@id\":\"https:\/\/www.ausolan.com\/gl\/#website\",\"url\":\"https:\/\/www.ausolan.com\/gl\/\",\"name\":\"Ausolan\",\"description\":\"Restauraci\u00f3n e limpeza colectiva\",\"potentialAction\":[{\"@type\":\"SearchAction\",\"target\":{\"@type\":\"EntryPoint\",\"urlTemplate\":\"https:\/\/www.ausolan.com\/gl\/?s={search_term_string}\"},\"query-input\":{\"@type\":\"PropertyValueSpecification\",\"valueRequired\":true,\"valueName\":\"search_term_string\"}}],\"inLanguage\":\"gl-ES\"},{\"@type\":\"Person\",\"@id\":\"https:\/\/www.ausolan.com\/gl\/#\/schema\/person\/569b7059e96c50f7ad76b6c44b5e3015\",\"name\":\"ausolan\",\"image\":{\"@type\":\"ImageObject\",\"inLanguage\":\"gl-ES\",\"@id\":\"https:\/\/www.ausolan.com\/gl\/#\/schema\/person\/image\/\",\"url\":\"https:\/\/secure.gravatar.com\/avatar\/90cdb1518b5f37dba0ba233a32cd632e?s=96&d=mm&r=g\",\"contentUrl\":\"https:\/\/secure.gravatar.com\/avatar\/90cdb1518b5f37dba0ba233a32cd632e?s=96&d=mm&r=g\",\"caption\":\"ausolan\"},\"sameAs\":[\"https:\/\/www.ausolan.com\"],\"url\":\"https:\/\/www.ausolan.com\/gl\/author\/ausolan\/\"}]}<\/script>\n<!-- \/ Yoast SEO plugin. -->","yoast_head_json":{"title":"Ausolan e Pl\u00e1tano de Canarias renovan a s\u00faa alianza para fomentar a froita producida en Espa\u00f1a nos comedores escolares | Ausolan","robots":{"index":"index","follow":"follow","max-snippet":"max-snippet:-1","max-image-preview":"max-image-preview:large","max-video-preview":"max-video-preview:-1"},"canonical":"https:\/\/www.ausolan.com\/gl\/actualidade\/ausolan-y-platano-de-canarias-renuevan-su-alianza-para-fomentar-la-fruta-producida-en-espana-en-los-comedores-escolares\/","og_locale":"gl_ES","og_type":"article","og_title":"Ausolan e Pl\u00e1tano de Canarias renovan a s\u00faa alianza para fomentar a froita producida en Espa\u00f1a nos comedores escolares | Ausolan","og_description":"Pl\u00e1tano de Canarias e Ausolan renovan, un ano m\u00e1is, o seu compromiso coa promoci\u00f3n da alimentaci\u00f3n saudable e o consumo de froita de orixe nacional nos \u00e1mbitos escolares. As\u00ed, durante o curso 2025-2026, m\u00e1is de 1.700&nbsp;centros contar\u00e1n, semanalmente, con pl\u00e1tano de Canarias no seu men\u00fa de mediod\u00eda. Un produto con est\u00e1ndares europeos de responsabilidade social, [&hellip;]","og_url":"https:\/\/www.ausolan.com\/gl\/actualidade\/ausolan-y-platano-de-canarias-renuevan-su-alianza-para-fomentar-la-fruta-producida-en-espana-en-los-comedores-escolares\/","og_site_name":"Ausolan","article_published_time":"2025-10-06T07:31:48+00:00","article_modified_time":"2025-10-06T09:27:41+00:00","og_image":[{"width":1017,"height":630,"url":"https:\/\/www.ausolan.com\/wp-content\/uploads\/2025\/10\/Platano.jpg","type":"image\/jpeg"}],"author":"ausolan","twitter_card":"summary_large_image","twitter_misc":{"Escrito por":"ausolan","Tempo de lectura":"3 minutos"},"schema":{"@context":"https:\/\/schema.org","@graph":[{"@type":"WebPage","@id":"https:\/\/www.ausolan.com\/gl\/actualidade\/ausolan-y-platano-de-canarias-renuevan-su-alianza-para-fomentar-la-fruta-producida-en-espana-en-los-comedores-escolares\/","url":"https:\/\/www.ausolan.com\/gl\/actualidade\/ausolan-y-platano-de-canarias-renuevan-su-alianza-para-fomentar-la-fruta-producida-en-espana-en-los-comedores-escolares\/","name":"Ausolan e Pl\u00e1tano de Canarias renovan a s\u00faa alianza para fomentar a froita producida en Espa\u00f1a nos comedores escolares | Ausolan","isPartOf":{"@id":"https:\/\/www.ausolan.com\/gl\/#website"},"primaryImageOfPage":{"@id":"https:\/\/www.ausolan.com\/gl\/actualidade\/ausolan-y-platano-de-canarias-renuevan-su-alianza-para-fomentar-la-fruta-producida-en-espana-en-los-comedores-escolares\/#primaryimage"},"image":{"@id":"https:\/\/www.ausolan.com\/gl\/actualidade\/ausolan-y-platano-de-canarias-renuevan-su-alianza-para-fomentar-la-fruta-producida-en-espana-en-los-comedores-escolares\/#primaryimage"},"thumbnailUrl":"\/wp-content\/uploads\/2025\/10\/Platano.jpg","datePublished":"2025-10-06T07:31:48+00:00","dateModified":"2025-10-06T09:27:41+00:00","author":{"@id":"https:\/\/www.ausolan.com\/gl\/#\/schema\/person\/569b7059e96c50f7ad76b6c44b5e3015"},"breadcrumb":{"@id":"https:\/\/www.ausolan.com\/gl\/actualidade\/ausolan-y-platano-de-canarias-renuevan-su-alianza-para-fomentar-la-fruta-producida-en-espana-en-los-comedores-escolares\/#breadcrumb"},"inLanguage":"gl-ES","potentialAction":[{"@type":"ReadAction","target":["https:\/\/www.ausolan.com\/gl\/actualidade\/ausolan-y-platano-de-canarias-renuevan-su-alianza-para-fomentar-la-fruta-producida-en-espana-en-los-comedores-escolares\/"]}]},{"@type":"ImageObject","inLanguage":"gl-ES","@id":"https:\/\/www.ausolan.com\/gl\/actualidade\/ausolan-y-platano-de-canarias-renuevan-su-alianza-para-fomentar-la-fruta-producida-en-espana-en-los-comedores-escolares\/#primaryimage","url":"\/wp-content\/uploads\/2025\/10\/Platano.jpg","contentUrl":"\/wp-content\/uploads\/2025\/10\/Platano.jpg","width":1017,"height":630},{"@type":"BreadcrumbList","@id":"https:\/\/www.ausolan.com\/gl\/actualidade\/ausolan-y-platano-de-canarias-renuevan-su-alianza-para-fomentar-la-fruta-producida-en-espana-en-los-comedores-escolares\/#breadcrumb","itemListElement":[{"@type":"ListItem","position":1,"name":"Portada","item":"https:\/\/www.ausolan.com\/gl\/"},{"@type":"ListItem","position":2,"name":"Ausolan e Pl\u00e1tano de Canarias renovan a s\u00faa alianza para fomentar a froita producida en Espa\u00f1a nos comedores escolares"}]},{"@type":"WebSite","@id":"https:\/\/www.ausolan.com\/gl\/#website","url":"https:\/\/www.ausolan.com\/gl\/","name":"Ausolan","description":"Restauraci\u00f3n e limpeza colectiva","potentialAction":[{"@type":"SearchAction","target":{"@type":"EntryPoint","urlTemplate":"https:\/\/www.ausolan.com\/gl\/?s={search_term_string}"},"query-input":{"@type":"PropertyValueSpecification","valueRequired":true,"valueName":"search_term_string"}}],"inLanguage":"gl-ES"},{"@type":"Person","@id":"https:\/\/www.ausolan.com\/gl\/#\/schema\/person\/569b7059e96c50f7ad76b6c44b5e3015","name":"ausolan","image":{"@type":"ImageObject","inLanguage":"gl-ES","@id":"https:\/\/www.ausolan.com\/gl\/#\/schema\/person\/image\/","url":"https:\/\/secure.gravatar.com\/avatar\/90cdb1518b5f37dba0ba233a32cd632e?s=96&d=mm&r=g","contentUrl":"https:\/\/secure.gravatar.com\/avatar\/90cdb1518b5f37dba0ba233a32cd632e?s=96&d=mm&r=g","caption":"ausolan"},"sameAs":["https:\/\/www.ausolan.com"],"url":"https:\/\/www.ausolan.com\/gl\/author\/ausolan\/"}]}},"_links":{"self":[{"href":"https:\/\/www.ausolan.com\/gl\/wp-json\/wp\/v2\/posts\/3706","targetHints":{"allow":["GET"]}}],"collection":[{"href":"https:\/\/www.ausolan.com\/gl\/wp-json\/wp\/v2\/posts"}],"about":[{"href":"https:\/\/www.ausolan.com\/gl\/wp-json\/wp\/v2\/types\/post"}],"author":[{"embeddable":true,"href":"https:\/\/www.ausolan.com\/gl\/wp-json\/wp\/v2\/users\/1"}],"replies":[{"embeddable":true,"href":"https:\/\/www.ausolan.com\/gl\/wp-json\/wp\/v2\/comments?post=3706"}],"version-history":[{"count":0,"href":"https:\/\/www.ausolan.com\/gl\/wp-json\/wp\/v2\/posts\/3706\/revisions"}],"wp:featuredmedia":[{"embeddable":true,"href":"https:\/\/www.ausolan.com\/gl\/wp-json\/wp\/v2\/media\/3702"}],"wp:attachment":[{"href":"https:\/\/www.ausolan.com\/gl\/wp-json\/wp\/v2\/media?parent=3706"}],"wp:term":[{"taxonomy":"category","embeddable":true,"href":"https:\/\/www.ausolan.com\/gl\/wp-json\/wp\/v2\/categories?post=3706"},{"taxonomy":"post_tag","embeddable":true,"href":"https:\/\/www.ausolan.com\/gl\/wp-json\/wp\/v2\/tags?post=3706"}],"curies":[{"name":"wp","href":"https:\/\/api.w.org\/{rel}","templated":true}]}}