{"id":3317,"date":"2025-02-13T11:18:52","date_gmt":"2025-02-13T10:18:52","guid":{"rendered":"https:\/\/www.ausolan.com\/?p=3317"},"modified":"2025-02-13T11:19:19","modified_gmt":"2025-02-13T10:19:19","slug":"ausolan-e-florette-achegan-a-4-000-escolares-os-beneficios-dos-vexetais","status":"publish","type":"post","link":"https:\/\/www.ausolan.com\/gl\/actualidade\/ausolan-e-florette-achegan-a-4-000-escolares-os-beneficios-dos-vexetais\/","title":{"rendered":"Ausolan e Florette achegan a 4.000\u00a0escolares os beneficios dos vexetais"},"content":{"rendered":"\n<ul class=\"wp-block-list\">\n<li>Esta aposta pola alimentaci\u00f3n saudable alcanza a s\u00faa cuarta edici\u00f3n dirixida ao alumnado de infantil e primaria \u2013 de 3 a 12&nbsp;anos \u2013 ensin\u00e1ndolle a importancia de aprender \u2013 dende a infancia \u2013 a comer con conciencia e de forma saudable para sentirse ben.<\/li>\n\n\n\n<li>A nova edici\u00f3n, que impactar\u00e1 en m\u00e1is de 4.000&nbsp;escolares, incorpora novidades con actividades de memoria, concursos e o momento m\u00e1is demandado de todos os nenos e nenas, o obradoiro de montaxe e degustaci\u00f3n de pratos, \u201cWrap O\u2019clock\u201d.<\/li>\n\n\n\n<li>A iniciativa ensinar\u00e1 a relaci\u00f3n entre a alimentaci\u00f3n e as emoci\u00f3ns e como un maior consumo de froitas e verduras axuda a ter m\u00e1is enerx\u00eda, vitalidade e mellor estado an\u00edmico.<\/li>\n<\/ul>\n\n\n\n<p>A compa\u00f1\u00eda de restauraci\u00f3n colectiva<strong> Ausolan<\/strong>, en colaboraci\u00f3n con <strong>Florette<\/strong>, l\u00edder na produci\u00f3n de ensaladas listas para consumir, presentan a cuarta edici\u00f3n do programa educativo \u201c<strong>Os vexetais cultivan emoci\u00f3ns<\/strong>\u201d. O obxectivo desta iniciativa \u00e9 promover h\u00e1bitos alimenticios saudables dende a infancia e destacar a conexi\u00f3n entre a alimentaci\u00f3n e o benestar emocional.<\/p>\n\n\n\n<p>Este ano, a iniciativa chegar\u00e1 a m\u00e1is de 4.000&nbsp;estudantes de Educaci\u00f3n Infantil e Primaria, de entre 3 e 12&nbsp;anos, no Pa\u00eds Vasco e Navarra. M\u00e1is de 30&nbsp;centros escolares aprender\u00e1n, a trav\u00e9s de obradoiros interactivos e actividades l\u00fadicas, a importancia de consumir froitas e verduras a diario para obter m\u00e1is enerx\u00eda, vitalidade e un mellor estado de \u00e1nimo.<\/p>\n\n\n\n<p>A actividade, enmarcada no Proxecto Educativo de Ausolan durante o comedor escolar, busca \u201c<em>que os nenos descubran que comer ben non s\u00f3 \u00e9 saudable, sen\u00f3n tam\u00e9n divertido e beneficioso para o seu benestar emocional<\/em>\u201d, sinala o <strong>equipo do Proxecto Educativo de Ausolan<\/strong>.<\/p>\n\n\n\n<p>Os\/as alumnos\/as aprender\u00e1n a comer, cada d\u00eda, un men\u00fa con cinco \u201ceses\u201d (san, saudable, seguro, sostible e saboroso) coas verduras e as froitas como alimentos protagonistas para conseguir harmon\u00eda emocional.<\/p>\n\n\n\n<p>Un prop\u00f3sito totalmente ali\u00f1ado coa convicci\u00f3n de Florette que, tal e como afirma <strong>Ferm\u00edn Aldaz, director Comercial e de Mercadotecnia de Florette Ib\u00e9rica, <\/strong>\u201c<em>unha alimentaci\u00f3n saudable \u00e9 a base para unha vida mellor. Se logramos que os nenos e as nenas descubran dende pequenos os beneficios dos vexetais frescos e locais, estaremos contribu\u00edndo \u00e1 creaci\u00f3n de h\u00e1bitos que os acompa\u00f1ar\u00e1n toda a vida<\/em>\u201d.<\/p>\n\n\n\n<p><strong><u>Un obradoiro de actividades para aprender a comer mellor<\/u><\/strong><\/p>\n\n\n\n<p>Baixo o nome <strong><em>Os vexetais cultivan emoci\u00f3ns<\/em><\/strong>, o primeiro obradoiro arranca hoxe e estar\u00e1 en marcha ata o pr\u00f3ximo 30 de maio, viaxando por m\u00e1is de 30&nbsp;centros escolares cun conxunto de acci\u00f3ns que se desenvolver\u00e1n &#8211; cada semana &#8211; con pr\u00e1cticas adaptadas a cada nivel de idade.<\/p>\n\n\n\n<p>Os\/as alumnos\/as aprender\u00e1n que os vexetais e as froitas son tesouros nutricionais e que os seus compo\u00f1entes, como as vitaminas e os minerais, son imprescindibles para sentirse ben e ser felices.<\/p>\n\n\n\n<p>Unha das novidades desta edici\u00f3n \u00e9 a incorporaci\u00f3n do obradoiro \u201cWrap O\u2019Clock\u201d, onde os estudantes participar\u00e1n na preparaci\u00f3n e degustaci\u00f3n de <em>wraps <\/em>saudables, fomentando a creatividade culinaria e reforzando a mensaxe de consumir cinco porci\u00f3ns diarias de froitas e verduras. Ademais, introduciranse din\u00e1micas de memoria e concursos que relacionan diferentes vexetais con emoci\u00f3ns positivas, facilitando a aprendizaxe de xeito divertido e efectivo.<\/p>\n\n\n\n<p>Este esforzo conxunto de Ausolan e Florette al\u00ed\u00f1ase coas recomendaci\u00f3ns recentes do Ministerio de Dereitos Sociais e Axenda 2030, que avogan por unha alimentaci\u00f3n m\u00e1is saudable e sostible nos comedores escolares, promovendo o consumo de froitas, verduras e legumes, e limitando alimentos ultraprocesados e bebidas azucradas.<\/p>\n","protected":false},"excerpt":{"rendered":"<p>A compa\u00f1\u00eda de restauraci\u00f3n colectiva Ausolan, en colaboraci\u00f3n con Florette, l\u00edder na produci\u00f3n de ensaladas listas para consumir, presentan a cuarta edici\u00f3n do programa educativo \u201cOs vexetais cultivan emoci\u00f3ns\u201d. O obxectivo desta iniciativa \u00e9 promover h\u00e1bitos alimenticios saudables dende a infancia e destacar a conexi\u00f3n entre a alimentaci\u00f3n e o benestar emocional. Este ano, a [&hellip;]<\/p>\n","protected":false},"author":1,"featured_media":3314,"comment_status":"closed","ping_status":"closed","sticky":false,"template":"","format":"standard","meta":{"_acf_changed":false,"footnotes":""},"categories":[82],"tags":[],"class_list":["post-3317","post","type-post","status-publish","format-standard","has-post-thumbnail","hentry","category-dia-a-dia-gl"],"acf":[],"yoast_head":"<!-- This site is optimized with the Yoast SEO plugin v24.8.1 - https:\/\/yoast.com\/wordpress\/plugins\/seo\/ -->\n<title>Ausolan e Florette achegan a 4.000\u00a0escolares os beneficios dos vexetais | Ausolan<\/title>\n<meta name=\"robots\" content=\"index, follow, max-snippet:-1, max-image-preview:large, max-video-preview:-1\" \/>\n<link rel=\"canonical\" href=\"https:\/\/www.ausolan.com\/gl\/actualidade\/ausolan-e-florette-achegan-a-4-000-escolares-os-beneficios-dos-vexetais\/\" \/>\n<meta property=\"og:locale\" content=\"gl_ES\" \/>\n<meta property=\"og:type\" content=\"article\" \/>\n<meta property=\"og:title\" content=\"Ausolan e Florette achegan a 4.000\u00a0escolares os beneficios dos vexetais | Ausolan\" \/>\n<meta property=\"og:description\" content=\"A compa\u00f1\u00eda de restauraci\u00f3n colectiva Ausolan, en colaboraci\u00f3n con Florette, l\u00edder na produci\u00f3n de ensaladas listas para consumir, presentan a cuarta edici\u00f3n do programa educativo \u201cOs vexetais cultivan emoci\u00f3ns\u201d. O obxectivo desta iniciativa \u00e9 promover h\u00e1bitos alimenticios saudables dende a infancia e destacar a conexi\u00f3n entre a alimentaci\u00f3n e o benestar emocional. Este ano, a [&hellip;]\" \/>\n<meta property=\"og:url\" content=\"https:\/\/www.ausolan.com\/gl\/actualidade\/ausolan-e-florette-achegan-a-4-000-escolares-os-beneficios-dos-vexetais\/\" \/>\n<meta property=\"og:site_name\" content=\"Ausolan\" \/>\n<meta property=\"article:published_time\" content=\"2025-02-13T10:18:52+00:00\" \/>\n<meta property=\"article:modified_time\" content=\"2025-02-13T10:19:19+00:00\" \/>\n<meta property=\"og:image\" content=\"https:\/\/www.ausolan.com\/wp-content\/uploads\/2025\/02\/foto-florette-NDP-13022025-scaled.jpg\" \/>\n\t<meta property=\"og:image:width\" content=\"2560\" \/>\n\t<meta property=\"og:image:height\" content=\"1664\" \/>\n\t<meta property=\"og:image:type\" content=\"image\/jpeg\" \/>\n<meta name=\"author\" content=\"ausolan\" \/>\n<meta name=\"twitter:card\" content=\"summary_large_image\" \/>\n<meta name=\"twitter:label1\" content=\"Escrito por\" \/>\n\t<meta name=\"twitter:data1\" content=\"ausolan\" \/>\n\t<meta name=\"twitter:label2\" content=\"Tempo de lectura\" \/>\n\t<meta name=\"twitter:data2\" content=\"3 minutos\" \/>\n<script type=\"application\/ld+json\" class=\"yoast-schema-graph\">{\"@context\":\"https:\/\/schema.org\",\"@graph\":[{\"@type\":\"WebPage\",\"@id\":\"https:\/\/www.ausolan.com\/gl\/actualidade\/ausolan-e-florette-achegan-a-4-000-escolares-os-beneficios-dos-vexetais\/\",\"url\":\"https:\/\/www.ausolan.com\/gl\/actualidade\/ausolan-e-florette-achegan-a-4-000-escolares-os-beneficios-dos-vexetais\/\",\"name\":\"Ausolan e Florette achegan a 4.000\u00a0escolares os beneficios dos vexetais | Ausolan\",\"isPartOf\":{\"@id\":\"https:\/\/www.ausolan.com\/gl\/#website\"},\"primaryImageOfPage\":{\"@id\":\"https:\/\/www.ausolan.com\/gl\/actualidade\/ausolan-e-florette-achegan-a-4-000-escolares-os-beneficios-dos-vexetais\/#primaryimage\"},\"image\":{\"@id\":\"https:\/\/www.ausolan.com\/gl\/actualidade\/ausolan-e-florette-achegan-a-4-000-escolares-os-beneficios-dos-vexetais\/#primaryimage\"},\"thumbnailUrl\":\"\/wp-content\/uploads\/2025\/02\/foto-florette-NDP-13022025-scaled.jpg\",\"datePublished\":\"2025-02-13T10:18:52+00:00\",\"dateModified\":\"2025-02-13T10:19:19+00:00\",\"author\":{\"@id\":\"https:\/\/www.ausolan.com\/gl\/#\/schema\/person\/569b7059e96c50f7ad76b6c44b5e3015\"},\"breadcrumb\":{\"@id\":\"https:\/\/www.ausolan.com\/gl\/actualidade\/ausolan-e-florette-achegan-a-4-000-escolares-os-beneficios-dos-vexetais\/#breadcrumb\"},\"inLanguage\":\"gl-ES\",\"potentialAction\":[{\"@type\":\"ReadAction\",\"target\":[\"https:\/\/www.ausolan.com\/gl\/actualidade\/ausolan-e-florette-achegan-a-4-000-escolares-os-beneficios-dos-vexetais\/\"]}]},{\"@type\":\"ImageObject\",\"inLanguage\":\"gl-ES\",\"@id\":\"https:\/\/www.ausolan.com\/gl\/actualidade\/ausolan-e-florette-achegan-a-4-000-escolares-os-beneficios-dos-vexetais\/#primaryimage\",\"url\":\"\/wp-content\/uploads\/2025\/02\/foto-florette-NDP-13022025-scaled.jpg\",\"contentUrl\":\"\/wp-content\/uploads\/2025\/02\/foto-florette-NDP-13022025-scaled.jpg\",\"width\":2560,\"height\":1664},{\"@type\":\"BreadcrumbList\",\"@id\":\"https:\/\/www.ausolan.com\/gl\/actualidade\/ausolan-e-florette-achegan-a-4-000-escolares-os-beneficios-dos-vexetais\/#breadcrumb\",\"itemListElement\":[{\"@type\":\"ListItem\",\"position\":1,\"name\":\"Portada\",\"item\":\"https:\/\/www.ausolan.com\/gl\/\"},{\"@type\":\"ListItem\",\"position\":2,\"name\":\"Ausolan e Florette achegan a 4.000\u00a0escolares os beneficios dos vexetais\"}]},{\"@type\":\"WebSite\",\"@id\":\"https:\/\/www.ausolan.com\/gl\/#website\",\"url\":\"https:\/\/www.ausolan.com\/gl\/\",\"name\":\"Ausolan\",\"description\":\"Restauraci\u00f3n e limpeza colectiva\",\"potentialAction\":[{\"@type\":\"SearchAction\",\"target\":{\"@type\":\"EntryPoint\",\"urlTemplate\":\"https:\/\/www.ausolan.com\/gl\/?s={search_term_string}\"},\"query-input\":{\"@type\":\"PropertyValueSpecification\",\"valueRequired\":true,\"valueName\":\"search_term_string\"}}],\"inLanguage\":\"gl-ES\"},{\"@type\":\"Person\",\"@id\":\"https:\/\/www.ausolan.com\/gl\/#\/schema\/person\/569b7059e96c50f7ad76b6c44b5e3015\",\"name\":\"ausolan\",\"image\":{\"@type\":\"ImageObject\",\"inLanguage\":\"gl-ES\",\"@id\":\"https:\/\/www.ausolan.com\/gl\/#\/schema\/person\/image\/\",\"url\":\"https:\/\/secure.gravatar.com\/avatar\/90cdb1518b5f37dba0ba233a32cd632e?s=96&d=mm&r=g\",\"contentUrl\":\"https:\/\/secure.gravatar.com\/avatar\/90cdb1518b5f37dba0ba233a32cd632e?s=96&d=mm&r=g\",\"caption\":\"ausolan\"},\"sameAs\":[\"https:\/\/www.ausolan.com\"],\"url\":\"https:\/\/www.ausolan.com\/gl\/author\/ausolan\/\"}]}<\/script>\n<!-- \/ Yoast SEO plugin. -->","yoast_head_json":{"title":"Ausolan e Florette achegan a 4.000\u00a0escolares os beneficios dos vexetais | Ausolan","robots":{"index":"index","follow":"follow","max-snippet":"max-snippet:-1","max-image-preview":"max-image-preview:large","max-video-preview":"max-video-preview:-1"},"canonical":"https:\/\/www.ausolan.com\/gl\/actualidade\/ausolan-e-florette-achegan-a-4-000-escolares-os-beneficios-dos-vexetais\/","og_locale":"gl_ES","og_type":"article","og_title":"Ausolan e Florette achegan a 4.000\u00a0escolares os beneficios dos vexetais | Ausolan","og_description":"A compa\u00f1\u00eda de restauraci\u00f3n colectiva Ausolan, en colaboraci\u00f3n con Florette, l\u00edder na produci\u00f3n de ensaladas listas para consumir, presentan a cuarta edici\u00f3n do programa educativo \u201cOs vexetais cultivan emoci\u00f3ns\u201d. O obxectivo desta iniciativa \u00e9 promover h\u00e1bitos alimenticios saudables dende a infancia e destacar a conexi\u00f3n entre a alimentaci\u00f3n e o benestar emocional. Este ano, a [&hellip;]","og_url":"https:\/\/www.ausolan.com\/gl\/actualidade\/ausolan-e-florette-achegan-a-4-000-escolares-os-beneficios-dos-vexetais\/","og_site_name":"Ausolan","article_published_time":"2025-02-13T10:18:52+00:00","article_modified_time":"2025-02-13T10:19:19+00:00","og_image":[{"width":2560,"height":1664,"url":"https:\/\/www.ausolan.com\/wp-content\/uploads\/2025\/02\/foto-florette-NDP-13022025-scaled.jpg","type":"image\/jpeg"}],"author":"ausolan","twitter_card":"summary_large_image","twitter_misc":{"Escrito por":"ausolan","Tempo de lectura":"3 minutos"},"schema":{"@context":"https:\/\/schema.org","@graph":[{"@type":"WebPage","@id":"https:\/\/www.ausolan.com\/gl\/actualidade\/ausolan-e-florette-achegan-a-4-000-escolares-os-beneficios-dos-vexetais\/","url":"https:\/\/www.ausolan.com\/gl\/actualidade\/ausolan-e-florette-achegan-a-4-000-escolares-os-beneficios-dos-vexetais\/","name":"Ausolan e Florette achegan a 4.000\u00a0escolares os beneficios dos vexetais | Ausolan","isPartOf":{"@id":"https:\/\/www.ausolan.com\/gl\/#website"},"primaryImageOfPage":{"@id":"https:\/\/www.ausolan.com\/gl\/actualidade\/ausolan-e-florette-achegan-a-4-000-escolares-os-beneficios-dos-vexetais\/#primaryimage"},"image":{"@id":"https:\/\/www.ausolan.com\/gl\/actualidade\/ausolan-e-florette-achegan-a-4-000-escolares-os-beneficios-dos-vexetais\/#primaryimage"},"thumbnailUrl":"\/wp-content\/uploads\/2025\/02\/foto-florette-NDP-13022025-scaled.jpg","datePublished":"2025-02-13T10:18:52+00:00","dateModified":"2025-02-13T10:19:19+00:00","author":{"@id":"https:\/\/www.ausolan.com\/gl\/#\/schema\/person\/569b7059e96c50f7ad76b6c44b5e3015"},"breadcrumb":{"@id":"https:\/\/www.ausolan.com\/gl\/actualidade\/ausolan-e-florette-achegan-a-4-000-escolares-os-beneficios-dos-vexetais\/#breadcrumb"},"inLanguage":"gl-ES","potentialAction":[{"@type":"ReadAction","target":["https:\/\/www.ausolan.com\/gl\/actualidade\/ausolan-e-florette-achegan-a-4-000-escolares-os-beneficios-dos-vexetais\/"]}]},{"@type":"ImageObject","inLanguage":"gl-ES","@id":"https:\/\/www.ausolan.com\/gl\/actualidade\/ausolan-e-florette-achegan-a-4-000-escolares-os-beneficios-dos-vexetais\/#primaryimage","url":"\/wp-content\/uploads\/2025\/02\/foto-florette-NDP-13022025-scaled.jpg","contentUrl":"\/wp-content\/uploads\/2025\/02\/foto-florette-NDP-13022025-scaled.jpg","width":2560,"height":1664},{"@type":"BreadcrumbList","@id":"https:\/\/www.ausolan.com\/gl\/actualidade\/ausolan-e-florette-achegan-a-4-000-escolares-os-beneficios-dos-vexetais\/#breadcrumb","itemListElement":[{"@type":"ListItem","position":1,"name":"Portada","item":"https:\/\/www.ausolan.com\/gl\/"},{"@type":"ListItem","position":2,"name":"Ausolan e Florette achegan a 4.000\u00a0escolares os beneficios dos vexetais"}]},{"@type":"WebSite","@id":"https:\/\/www.ausolan.com\/gl\/#website","url":"https:\/\/www.ausolan.com\/gl\/","name":"Ausolan","description":"Restauraci\u00f3n e limpeza colectiva","potentialAction":[{"@type":"SearchAction","target":{"@type":"EntryPoint","urlTemplate":"https:\/\/www.ausolan.com\/gl\/?s={search_term_string}"},"query-input":{"@type":"PropertyValueSpecification","valueRequired":true,"valueName":"search_term_string"}}],"inLanguage":"gl-ES"},{"@type":"Person","@id":"https:\/\/www.ausolan.com\/gl\/#\/schema\/person\/569b7059e96c50f7ad76b6c44b5e3015","name":"ausolan","image":{"@type":"ImageObject","inLanguage":"gl-ES","@id":"https:\/\/www.ausolan.com\/gl\/#\/schema\/person\/image\/","url":"https:\/\/secure.gravatar.com\/avatar\/90cdb1518b5f37dba0ba233a32cd632e?s=96&d=mm&r=g","contentUrl":"https:\/\/secure.gravatar.com\/avatar\/90cdb1518b5f37dba0ba233a32cd632e?s=96&d=mm&r=g","caption":"ausolan"},"sameAs":["https:\/\/www.ausolan.com"],"url":"https:\/\/www.ausolan.com\/gl\/author\/ausolan\/"}]}},"_links":{"self":[{"href":"https:\/\/www.ausolan.com\/gl\/wp-json\/wp\/v2\/posts\/3317","targetHints":{"allow":["GET"]}}],"collection":[{"href":"https:\/\/www.ausolan.com\/gl\/wp-json\/wp\/v2\/posts"}],"about":[{"href":"https:\/\/www.ausolan.com\/gl\/wp-json\/wp\/v2\/types\/post"}],"author":[{"embeddable":true,"href":"https:\/\/www.ausolan.com\/gl\/wp-json\/wp\/v2\/users\/1"}],"replies":[{"embeddable":true,"href":"https:\/\/www.ausolan.com\/gl\/wp-json\/wp\/v2\/comments?post=3317"}],"version-history":[{"count":0,"href":"https:\/\/www.ausolan.com\/gl\/wp-json\/wp\/v2\/posts\/3317\/revisions"}],"wp:featuredmedia":[{"embeddable":true,"href":"https:\/\/www.ausolan.com\/gl\/wp-json\/wp\/v2\/media\/3314"}],"wp:attachment":[{"href":"https:\/\/www.ausolan.com\/gl\/wp-json\/wp\/v2\/media?parent=3317"}],"wp:term":[{"taxonomy":"category","embeddable":true,"href":"https:\/\/www.ausolan.com\/gl\/wp-json\/wp\/v2\/categories?post=3317"},{"taxonomy":"post_tag","embeddable":true,"href":"https:\/\/www.ausolan.com\/gl\/wp-json\/wp\/v2\/tags?post=3317"}],"curies":[{"name":"wp","href":"https:\/\/api.w.org\/{rel}","templated":true}]}}