{"id":3282,"date":"2025-01-22T18:04:32","date_gmt":"2025-01-22T17:04:32","guid":{"rendered":"https:\/\/www.ausolan.com\/?p=3282"},"modified":"2025-01-22T18:04:37","modified_gmt":"2025-01-22T17:04:37","slug":"platano-de-canarias-e-ausolan-renovan-a-sua-alianza-para-levar-froita-nacional-aos-comedores-escolares","status":"publish","type":"post","link":"https:\/\/www.ausolan.com\/gl\/actualidade\/platano-de-canarias-e-ausolan-renovan-a-sua-alianza-para-levar-froita-nacional-aos-comedores-escolares\/","title":{"rendered":"Pl\u00e1tano de Canarias e Ausolan renovan a s\u00faa alianza para levar froita nacional aos comedores escolares"},"content":{"rendered":"\n<ul class=\"wp-block-list\">\n<li><strong>M\u00e1is de 1.700&nbsp;colexios en toda Espa\u00f1a recibir\u00e1n semanalmente pl\u00e1tano de Canarias grazas ao acordo renovado entre ASPROCAN e Ausolan<\/strong><strong><\/strong><\/li>\n\n\n\n<li><strong>No marco do proxecto educativo, Ausolan lanzar\u00e1 en marzo a campa\u00f1a \u201cAct\u00edvate con pl\u00e1tano de Canarias\u201d, promovendo a actividade f\u00edsica e os h\u00e1bitos saudables en m\u00e1is de 5.000&nbsp;nenos e nenas de 60&nbsp;comedores escolares de diversas comunidades<\/strong><strong><\/strong><\/li>\n<\/ul>\n\n\n\n<p>Pl\u00e1tano de Canarias e Ausolan reforzaron o seu compromiso coa alimentaci\u00f3n saudable e o consumo de produtos nacionais dende a infancia renovando o seu acordo de colaboraci\u00f3n polo cal, m\u00e1is de 1.700&nbsp;colexios recibir\u00e1n, semanalmente, este alimento. A s\u00faa calidade e o seu sabor \u00fanico, unidos aos seus est\u00e1ndares europeos de sostibilidade social e ambiental, conv\u00e9rteno nunha opci\u00f3n ideal para os m\u00e1is pequenos.<\/p>\n\n\n\n<p>Esta iniciativa l\u00f3grase grazas \u00e1 implicaci\u00f3n da Asociaci\u00f3n de Organizaci\u00f3ns de Produtores de Pl\u00e1tano de Canarias (ASPROCAN) e \u00e1 colaboraci\u00f3n de empresas de maduraci\u00f3n de pl\u00e1tano como Mercamusa e Frutas Iru.<\/p>\n\n\n\n<p>Tal e como sinalou <strong>Mikel Olarte<\/strong>, <strong>director de mercadotecnia<\/strong> de <strong>Ausolan<\/strong>, <em>\u201cnos nosos comedores escolares primamos a oferta de men\u00fas sans, saudables e sostibles, onde os produtos frescos, cos est\u00e1ndares de calidade m\u00e1is elevados, son fundamentais para n\u00f3s, unhas condici\u00f3ns que o pl\u00e1tano de Canarias cumpre amplamente<\/em>\u201d.<\/p>\n\n\n\n<p>Pola s\u00faa parte, <strong>Sergio C\u00e1ceres<\/strong>, <strong>xerente e director de mercadotecnia de ASPROCAN<\/strong>, sinalou que <em>\u201ca colaboraci\u00f3n con Ausolan \u00e9, para n\u00f3s, un modelo de referencia e seguiremos, ao longo da xeograf\u00eda espa\u00f1ola, tratando de potenciar a m\u00e1xima colaboraci\u00f3n posible para que o noso produto chegue tam\u00e9n \u00e1 poboaci\u00f3n m\u00e1is nova nos centros escolares, ademais de \u00e1s s\u00faas casas<\/em>\u201d.<\/p>\n\n\n\n<p><strong>Act\u00edvate con pl\u00e1tano de Canarias<\/strong><strong><\/strong><\/p>\n\n\n\n<p>Entre marzo e xu\u00f1o deste ano levarase a cabo a campa\u00f1a \u201cAct\u00edvate con pl\u00e1tano de Canarias\u201d, unha iniciativa que chegar\u00e1 a m\u00e1is de 60&nbsp;comedores escolares en comunidades como Madrid, Andaluc\u00eda, Catalu\u00f1a, Levante, Pa\u00eds Vasco, Navarra e Asturias, beneficiando uns 5.000&nbsp;nenos e nenas de entre 8 e 12&nbsp;anos.<\/p>\n\n\n\n<p>A campa\u00f1a, enmarcada no proxecto educativo de Ausolan, incluir\u00e1 actividades f\u00edsicas nos patios escolares durante o mediod\u00eda, promovendo h\u00e1bitos saudables e o consumo de froitas.<\/p>\n","protected":false},"excerpt":{"rendered":"<p>Pl\u00e1tano de Canarias e Ausolan reforzaron o seu compromiso coa alimentaci\u00f3n saudable e o consumo de produtos nacionais dende a infancia renovando o seu acordo de colaboraci\u00f3n polo cal, m\u00e1is de 1.700&nbsp;colexios recibir\u00e1n, semanalmente, este alimento. A s\u00faa calidade e o seu sabor \u00fanico, unidos aos seus est\u00e1ndares europeos de sostibilidade social e ambiental, conv\u00e9rteno [&hellip;]<\/p>\n","protected":false},"author":1,"featured_media":3279,"comment_status":"closed","ping_status":"closed","sticky":false,"template":"","format":"standard","meta":{"_acf_changed":false,"footnotes":""},"categories":[78],"tags":[],"class_list":["post-3282","post","type-post","status-publish","format-standard","has-post-thumbnail","hentry","category-compromiso-gl"],"acf":[],"yoast_head":"<!-- This site is optimized with the Yoast SEO plugin v24.8.1 - https:\/\/yoast.com\/wordpress\/plugins\/seo\/ -->\n<title>Pl\u00e1tano de Canarias e Ausolan renovan a s\u00faa alianza para levar froita nacional aos comedores escolares | Ausolan<\/title>\n<meta name=\"robots\" content=\"index, follow, max-snippet:-1, max-image-preview:large, max-video-preview:-1\" \/>\n<link rel=\"canonical\" href=\"https:\/\/www.ausolan.com\/gl\/actualidade\/platano-de-canarias-e-ausolan-renovan-a-sua-alianza-para-levar-froita-nacional-aos-comedores-escolares\/\" \/>\n<meta property=\"og:locale\" content=\"gl_ES\" \/>\n<meta property=\"og:type\" content=\"article\" \/>\n<meta property=\"og:title\" content=\"Pl\u00e1tano de Canarias e Ausolan renovan a s\u00faa alianza para levar froita nacional aos comedores escolares | Ausolan\" \/>\n<meta property=\"og:description\" content=\"Pl\u00e1tano de Canarias e Ausolan reforzaron o seu compromiso coa alimentaci\u00f3n saudable e o consumo de produtos nacionais dende a infancia renovando o seu acordo de colaboraci\u00f3n polo cal, m\u00e1is de 1.700&nbsp;colexios recibir\u00e1n, semanalmente, este alimento. A s\u00faa calidade e o seu sabor \u00fanico, unidos aos seus est\u00e1ndares europeos de sostibilidade social e ambiental, conv\u00e9rteno [&hellip;]\" \/>\n<meta property=\"og:url\" content=\"https:\/\/www.ausolan.com\/gl\/actualidade\/platano-de-canarias-e-ausolan-renovan-a-sua-alianza-para-levar-froita-nacional-aos-comedores-escolares\/\" \/>\n<meta property=\"og:site_name\" content=\"Ausolan\" \/>\n<meta property=\"article:published_time\" content=\"2025-01-22T17:04:32+00:00\" \/>\n<meta property=\"article:modified_time\" content=\"2025-01-22T17:04:37+00:00\" \/>\n<meta property=\"og:image\" content=\"https:\/\/www.ausolan.com\/wp-content\/uploads\/2025\/01\/Ausolan_Post-X-FB-Lk.jpg\" \/>\n\t<meta property=\"og:image:width\" content=\"1600\" \/>\n\t<meta property=\"og:image:height\" content=\"900\" \/>\n\t<meta property=\"og:image:type\" content=\"image\/jpeg\" \/>\n<meta name=\"author\" content=\"ausolan\" \/>\n<meta name=\"twitter:card\" content=\"summary_large_image\" \/>\n<meta name=\"twitter:label1\" content=\"Escrito por\" \/>\n\t<meta name=\"twitter:data1\" content=\"ausolan\" \/>\n\t<meta name=\"twitter:label2\" content=\"Tempo de lectura\" \/>\n\t<meta name=\"twitter:data2\" content=\"2 minutos\" \/>\n<script type=\"application\/ld+json\" class=\"yoast-schema-graph\">{\"@context\":\"https:\/\/schema.org\",\"@graph\":[{\"@type\":\"WebPage\",\"@id\":\"https:\/\/www.ausolan.com\/gl\/actualidade\/platano-de-canarias-e-ausolan-renovan-a-sua-alianza-para-levar-froita-nacional-aos-comedores-escolares\/\",\"url\":\"https:\/\/www.ausolan.com\/gl\/actualidade\/platano-de-canarias-e-ausolan-renovan-a-sua-alianza-para-levar-froita-nacional-aos-comedores-escolares\/\",\"name\":\"Pl\u00e1tano de Canarias e Ausolan renovan a s\u00faa alianza para levar froita nacional aos comedores escolares | Ausolan\",\"isPartOf\":{\"@id\":\"https:\/\/www.ausolan.com\/gl\/#website\"},\"primaryImageOfPage\":{\"@id\":\"https:\/\/www.ausolan.com\/gl\/actualidade\/platano-de-canarias-e-ausolan-renovan-a-sua-alianza-para-levar-froita-nacional-aos-comedores-escolares\/#primaryimage\"},\"image\":{\"@id\":\"https:\/\/www.ausolan.com\/gl\/actualidade\/platano-de-canarias-e-ausolan-renovan-a-sua-alianza-para-levar-froita-nacional-aos-comedores-escolares\/#primaryimage\"},\"thumbnailUrl\":\"\/wp-content\/uploads\/2025\/01\/Ausolan_Post-X-FB-Lk.jpg\",\"datePublished\":\"2025-01-22T17:04:32+00:00\",\"dateModified\":\"2025-01-22T17:04:37+00:00\",\"author\":{\"@id\":\"https:\/\/www.ausolan.com\/gl\/#\/schema\/person\/569b7059e96c50f7ad76b6c44b5e3015\"},\"breadcrumb\":{\"@id\":\"https:\/\/www.ausolan.com\/gl\/actualidade\/platano-de-canarias-e-ausolan-renovan-a-sua-alianza-para-levar-froita-nacional-aos-comedores-escolares\/#breadcrumb\"},\"inLanguage\":\"gl-ES\",\"potentialAction\":[{\"@type\":\"ReadAction\",\"target\":[\"https:\/\/www.ausolan.com\/gl\/actualidade\/platano-de-canarias-e-ausolan-renovan-a-sua-alianza-para-levar-froita-nacional-aos-comedores-escolares\/\"]}]},{\"@type\":\"ImageObject\",\"inLanguage\":\"gl-ES\",\"@id\":\"https:\/\/www.ausolan.com\/gl\/actualidade\/platano-de-canarias-e-ausolan-renovan-a-sua-alianza-para-levar-froita-nacional-aos-comedores-escolares\/#primaryimage\",\"url\":\"\/wp-content\/uploads\/2025\/01\/Ausolan_Post-X-FB-Lk.jpg\",\"contentUrl\":\"\/wp-content\/uploads\/2025\/01\/Ausolan_Post-X-FB-Lk.jpg\",\"width\":1600,\"height\":900},{\"@type\":\"BreadcrumbList\",\"@id\":\"https:\/\/www.ausolan.com\/gl\/actualidade\/platano-de-canarias-e-ausolan-renovan-a-sua-alianza-para-levar-froita-nacional-aos-comedores-escolares\/#breadcrumb\",\"itemListElement\":[{\"@type\":\"ListItem\",\"position\":1,\"name\":\"Portada\",\"item\":\"https:\/\/www.ausolan.com\/gl\/\"},{\"@type\":\"ListItem\",\"position\":2,\"name\":\"Pl\u00e1tano de Canarias e Ausolan renovan a s\u00faa alianza para levar froita nacional aos comedores escolares\"}]},{\"@type\":\"WebSite\",\"@id\":\"https:\/\/www.ausolan.com\/gl\/#website\",\"url\":\"https:\/\/www.ausolan.com\/gl\/\",\"name\":\"Ausolan\",\"description\":\"Restauraci\u00f3n e limpeza colectiva\",\"potentialAction\":[{\"@type\":\"SearchAction\",\"target\":{\"@type\":\"EntryPoint\",\"urlTemplate\":\"https:\/\/www.ausolan.com\/gl\/?s={search_term_string}\"},\"query-input\":{\"@type\":\"PropertyValueSpecification\",\"valueRequired\":true,\"valueName\":\"search_term_string\"}}],\"inLanguage\":\"gl-ES\"},{\"@type\":\"Person\",\"@id\":\"https:\/\/www.ausolan.com\/gl\/#\/schema\/person\/569b7059e96c50f7ad76b6c44b5e3015\",\"name\":\"ausolan\",\"image\":{\"@type\":\"ImageObject\",\"inLanguage\":\"gl-ES\",\"@id\":\"https:\/\/www.ausolan.com\/gl\/#\/schema\/person\/image\/\",\"url\":\"https:\/\/secure.gravatar.com\/avatar\/90cdb1518b5f37dba0ba233a32cd632e?s=96&d=mm&r=g\",\"contentUrl\":\"https:\/\/secure.gravatar.com\/avatar\/90cdb1518b5f37dba0ba233a32cd632e?s=96&d=mm&r=g\",\"caption\":\"ausolan\"},\"sameAs\":[\"https:\/\/www.ausolan.com\"],\"url\":\"https:\/\/www.ausolan.com\/gl\/author\/ausolan\/\"}]}<\/script>\n<!-- \/ Yoast SEO plugin. -->","yoast_head_json":{"title":"Pl\u00e1tano de Canarias e Ausolan renovan a s\u00faa alianza para levar froita nacional aos comedores escolares | Ausolan","robots":{"index":"index","follow":"follow","max-snippet":"max-snippet:-1","max-image-preview":"max-image-preview:large","max-video-preview":"max-video-preview:-1"},"canonical":"https:\/\/www.ausolan.com\/gl\/actualidade\/platano-de-canarias-e-ausolan-renovan-a-sua-alianza-para-levar-froita-nacional-aos-comedores-escolares\/","og_locale":"gl_ES","og_type":"article","og_title":"Pl\u00e1tano de Canarias e Ausolan renovan a s\u00faa alianza para levar froita nacional aos comedores escolares | Ausolan","og_description":"Pl\u00e1tano de Canarias e Ausolan reforzaron o seu compromiso coa alimentaci\u00f3n saudable e o consumo de produtos nacionais dende a infancia renovando o seu acordo de colaboraci\u00f3n polo cal, m\u00e1is de 1.700&nbsp;colexios recibir\u00e1n, semanalmente, este alimento. A s\u00faa calidade e o seu sabor \u00fanico, unidos aos seus est\u00e1ndares europeos de sostibilidade social e ambiental, conv\u00e9rteno [&hellip;]","og_url":"https:\/\/www.ausolan.com\/gl\/actualidade\/platano-de-canarias-e-ausolan-renovan-a-sua-alianza-para-levar-froita-nacional-aos-comedores-escolares\/","og_site_name":"Ausolan","article_published_time":"2025-01-22T17:04:32+00:00","article_modified_time":"2025-01-22T17:04:37+00:00","og_image":[{"width":1600,"height":900,"url":"https:\/\/www.ausolan.com\/wp-content\/uploads\/2025\/01\/Ausolan_Post-X-FB-Lk.jpg","type":"image\/jpeg"}],"author":"ausolan","twitter_card":"summary_large_image","twitter_misc":{"Escrito por":"ausolan","Tempo de lectura":"2 minutos"},"schema":{"@context":"https:\/\/schema.org","@graph":[{"@type":"WebPage","@id":"https:\/\/www.ausolan.com\/gl\/actualidade\/platano-de-canarias-e-ausolan-renovan-a-sua-alianza-para-levar-froita-nacional-aos-comedores-escolares\/","url":"https:\/\/www.ausolan.com\/gl\/actualidade\/platano-de-canarias-e-ausolan-renovan-a-sua-alianza-para-levar-froita-nacional-aos-comedores-escolares\/","name":"Pl\u00e1tano de Canarias e Ausolan renovan a s\u00faa alianza para levar froita nacional aos comedores escolares | Ausolan","isPartOf":{"@id":"https:\/\/www.ausolan.com\/gl\/#website"},"primaryImageOfPage":{"@id":"https:\/\/www.ausolan.com\/gl\/actualidade\/platano-de-canarias-e-ausolan-renovan-a-sua-alianza-para-levar-froita-nacional-aos-comedores-escolares\/#primaryimage"},"image":{"@id":"https:\/\/www.ausolan.com\/gl\/actualidade\/platano-de-canarias-e-ausolan-renovan-a-sua-alianza-para-levar-froita-nacional-aos-comedores-escolares\/#primaryimage"},"thumbnailUrl":"\/wp-content\/uploads\/2025\/01\/Ausolan_Post-X-FB-Lk.jpg","datePublished":"2025-01-22T17:04:32+00:00","dateModified":"2025-01-22T17:04:37+00:00","author":{"@id":"https:\/\/www.ausolan.com\/gl\/#\/schema\/person\/569b7059e96c50f7ad76b6c44b5e3015"},"breadcrumb":{"@id":"https:\/\/www.ausolan.com\/gl\/actualidade\/platano-de-canarias-e-ausolan-renovan-a-sua-alianza-para-levar-froita-nacional-aos-comedores-escolares\/#breadcrumb"},"inLanguage":"gl-ES","potentialAction":[{"@type":"ReadAction","target":["https:\/\/www.ausolan.com\/gl\/actualidade\/platano-de-canarias-e-ausolan-renovan-a-sua-alianza-para-levar-froita-nacional-aos-comedores-escolares\/"]}]},{"@type":"ImageObject","inLanguage":"gl-ES","@id":"https:\/\/www.ausolan.com\/gl\/actualidade\/platano-de-canarias-e-ausolan-renovan-a-sua-alianza-para-levar-froita-nacional-aos-comedores-escolares\/#primaryimage","url":"\/wp-content\/uploads\/2025\/01\/Ausolan_Post-X-FB-Lk.jpg","contentUrl":"\/wp-content\/uploads\/2025\/01\/Ausolan_Post-X-FB-Lk.jpg","width":1600,"height":900},{"@type":"BreadcrumbList","@id":"https:\/\/www.ausolan.com\/gl\/actualidade\/platano-de-canarias-e-ausolan-renovan-a-sua-alianza-para-levar-froita-nacional-aos-comedores-escolares\/#breadcrumb","itemListElement":[{"@type":"ListItem","position":1,"name":"Portada","item":"https:\/\/www.ausolan.com\/gl\/"},{"@type":"ListItem","position":2,"name":"Pl\u00e1tano de Canarias e Ausolan renovan a s\u00faa alianza para levar froita nacional aos comedores escolares"}]},{"@type":"WebSite","@id":"https:\/\/www.ausolan.com\/gl\/#website","url":"https:\/\/www.ausolan.com\/gl\/","name":"Ausolan","description":"Restauraci\u00f3n e limpeza colectiva","potentialAction":[{"@type":"SearchAction","target":{"@type":"EntryPoint","urlTemplate":"https:\/\/www.ausolan.com\/gl\/?s={search_term_string}"},"query-input":{"@type":"PropertyValueSpecification","valueRequired":true,"valueName":"search_term_string"}}],"inLanguage":"gl-ES"},{"@type":"Person","@id":"https:\/\/www.ausolan.com\/gl\/#\/schema\/person\/569b7059e96c50f7ad76b6c44b5e3015","name":"ausolan","image":{"@type":"ImageObject","inLanguage":"gl-ES","@id":"https:\/\/www.ausolan.com\/gl\/#\/schema\/person\/image\/","url":"https:\/\/secure.gravatar.com\/avatar\/90cdb1518b5f37dba0ba233a32cd632e?s=96&d=mm&r=g","contentUrl":"https:\/\/secure.gravatar.com\/avatar\/90cdb1518b5f37dba0ba233a32cd632e?s=96&d=mm&r=g","caption":"ausolan"},"sameAs":["https:\/\/www.ausolan.com"],"url":"https:\/\/www.ausolan.com\/gl\/author\/ausolan\/"}]}},"_links":{"self":[{"href":"https:\/\/www.ausolan.com\/gl\/wp-json\/wp\/v2\/posts\/3282","targetHints":{"allow":["GET"]}}],"collection":[{"href":"https:\/\/www.ausolan.com\/gl\/wp-json\/wp\/v2\/posts"}],"about":[{"href":"https:\/\/www.ausolan.com\/gl\/wp-json\/wp\/v2\/types\/post"}],"author":[{"embeddable":true,"href":"https:\/\/www.ausolan.com\/gl\/wp-json\/wp\/v2\/users\/1"}],"replies":[{"embeddable":true,"href":"https:\/\/www.ausolan.com\/gl\/wp-json\/wp\/v2\/comments?post=3282"}],"version-history":[{"count":0,"href":"https:\/\/www.ausolan.com\/gl\/wp-json\/wp\/v2\/posts\/3282\/revisions"}],"wp:featuredmedia":[{"embeddable":true,"href":"https:\/\/www.ausolan.com\/gl\/wp-json\/wp\/v2\/media\/3279"}],"wp:attachment":[{"href":"https:\/\/www.ausolan.com\/gl\/wp-json\/wp\/v2\/media?parent=3282"}],"wp:term":[{"taxonomy":"category","embeddable":true,"href":"https:\/\/www.ausolan.com\/gl\/wp-json\/wp\/v2\/categories?post=3282"},{"taxonomy":"post_tag","embeddable":true,"href":"https:\/\/www.ausolan.com\/gl\/wp-json\/wp\/v2\/tags?post=3282"}],"curies":[{"name":"wp","href":"https:\/\/api.w.org\/{rel}","templated":true}]}}