{"id":2951,"date":"2024-05-02T10:38:00","date_gmt":"2024-05-02T08:38:00","guid":{"rendered":"https:\/\/www.ausolan.com\/ausolan-lanza-una-nueva-campana-de-activate-con-el-foco-en-la-igualdad-de-genero-y-en-los-deportes-minoritarios\/"},"modified":"2024-05-02T10:38:00","modified_gmt":"2024-05-02T08:38:00","slug":"ausolan-lanza-una-nueva-campana-de-activate-con-el-foco-en-la-igualdad-de-genero-y-en-los-deportes-minoritarios","status":"publish","type":"post","link":"https:\/\/www.ausolan.com\/gl\/actualidade\/ausolan-lanza-una-nueva-campana-de-activate-con-el-foco-en-la-igualdad-de-genero-y-en-los-deportes-minoritarios\/","title":{"rendered":"Ausolan lanza una nueva campa\u00f1a de Act\u00edvate con el foco en la igualdad de g\u00e9nero y en los deportes minoritarios"},"content":{"rendered":"\n<p>Con el objetivo de promover un estilo de vida saludable y la pr\u00e1ctica de ejercicio desde edades tempranas<\/p>\n\n\n\n<h2 class=\"wp-block-heading has-text-align-center\"><strong>Ausolan lanza una nueva campa\u00f1a de Act\u00edvate con el foco en la igualdad de g\u00e9nero y en los deportes minoritarios<\/strong><\/h2>\n\n\n\n<ul class=\"wp-block-list\">\n<li>El deporte vuelve a cobrar protagonismo en los comedores escolares de Ausolan con el foco puesto en los Juegos Ol\u00edmpicos y Paral\u00edmpicos de Par\u00eds 2024.<\/li>\n\n\n\n<li>Una iniciativa que busca que los escolares conozcan deportes minoritarios utilizando referentes femeninos de alto nivel para reivindicar el papel de la mujer en la historia del deporte.<\/li>\n<\/ul>\n\n\n\n<figure class=\"wp-block-image size-large\"><img decoding=\"async\" width=\"1024\" height=\"683\" data-src=\"\/wp-content\/uploads\/2024\/05\/Activate-2-mayo-2024-1024x683.jpg\" alt=\"\" class=\"wp-image-2948 lazyload\" data-srcset=\"\/wp-content\/uploads\/2024\/05\/Activate-2-mayo-2024-1024x683.jpg 1024w, \/wp-content\/uploads\/2024\/05\/Activate-2-mayo-2024-300x200.jpg 300w, \/wp-content\/uploads\/2024\/05\/Activate-2-mayo-2024-768x512.jpg 768w, \/wp-content\/uploads\/2024\/05\/Activate-2-mayo-2024-1536x1024.jpg 1536w, \/wp-content\/uploads\/2024\/05\/Activate-2-mayo-2024-2048x1365.jpg 2048w, \/wp-content\/uploads\/2024\/05\/Activate-2-mayo-2024-450x300.jpg 450w, \/wp-content\/uploads\/2024\/05\/Activate-2-mayo-2024-900x600.jpg 900w, \/wp-content\/uploads\/2024\/05\/Activate-2-mayo-2024-992x661.jpg 992w, \/wp-content\/uploads\/2024\/05\/Activate-2-mayo-2024-1984x1323.jpg 1984w, \/wp-content\/uploads\/2024\/05\/Activate-2-mayo-2024-1200x800.jpg 1200w, \/wp-content\/uploads\/2024\/05\/Activate-2-mayo-2024-1800x1200.jpg 1800w\" data-sizes=\"(max-width: 1024px) 100vw, 1024px\" src=\"data:image\/gif;base64,R0lGODlhAQABAAAAACH5BAEKAAEALAAAAAABAAEAAAICTAEAOw==\" style=\"--smush-placeholder-width: 1024px; --smush-placeholder-aspect-ratio: 1024\/683;\" \/><\/figure>\n\n\n\n<p>Ausolan, presenta la 4\u00aa edici\u00f3n de la campa\u00f1a Act\u00edvate, con el objetivo de promover un estilo de vida saludable y la pr\u00e1ctica de ejercicio desde edades tempranas, destacando el papel de la mujer en el mundo del deporte, meses antes de los juegos Ol\u00edmpicos y Paral\u00edmpicos de Par\u00eds 2024.<\/p>\n\n\n\n<p>La campa\u00f1a Act\u00edvate se desarrollar\u00e1 con cerca de ocho mil j\u00f3venes, en 30 comedores escolares de los colegios de Pa\u00eds Vasco y Navarra, durante el \u00faltimo trimestre del curso. Aprovechando el tiempo libre durante el espacio del mediod\u00eda en el comedor, la campa\u00f1a busca <em>\u201cense\u00f1ar la importancia de practicar deporte para mantener una buena salud y sensibilizar a la sociedad, a trav\u00e9s de los m\u00e1s j\u00f3venes, sobre la inclusi\u00f3n y la igualdad de g\u00e9nero en todos los \u00e1mbitos de la vida, especialmente en el deporte\u201d<\/em>, comenta el equipo del Proyecto Educativo de Ausolan.<\/p>\n\n\n\n<p>Ausolan, firmemente comprometida con impulsar y concienciar sobre la igualdad de g\u00e9nero, aprovecha los Juegos de Par\u00eds 2024 &#8211; que cuentan con una participaci\u00f3n del 50% de mujeres y hombres &#8211; para seguir visibilizando los logros de las mujeres en deportes minoritarios, as\u00ed como destacar el esfuerzo de los y las deportistas de las pruebas paraol\u00edmpicas.<\/p>\n\n\n\n<p>En esta ocasi\u00f3n, adem\u00e1s, la campa\u00f1a contar\u00e1 con la participaci\u00f3n del dietista nutricionista Mikel Mujika que viajar\u00e1 por los centros escolares para aconsejar sobre la importancia de una buena nutrici\u00f3n para la pr\u00e1ctica del deporte y para la salud en general.<\/p>\n\n\n\n<p>La pre-olimpiada Ausolan 2024 reforzar\u00e1 los valores y el esp\u00edritu ol\u00edmpico de sus deportistas, con siete disciplinas ol\u00edmpicas en las que competir\u00e1 el alumnado durante el tiempo libre del mediod\u00eda. Estas pre-olimpiadas contar\u00e1n con: carrera de relevos, salto de longitud, carrera de velocidad, carrera de obst\u00e1culos, lanzamiento de pelota o peso, carrera de resistencia y carrera de relevos con obst\u00e1culos.<\/p>\n\n\n\n<p>Un conjunto de desaf\u00edos y ejercicios f\u00edsicos que buscan transmitir la importancia de llevar una alimentaci\u00f3n sana, fomentar la pr\u00e1ctica deportiva entre los j\u00f3venes, potenciar la inclusividad y destacar el papel de la mujer en el deporte, visibilizando a deportistas femeninas. <em>\u201cQueremos inspirar a las ni\u00f1as y j\u00f3venes a que practiquen deporte, desarrollen su autoestima, ganen confianza en s\u00ed mismas y contribuyan a alcanzar la igualdad de g\u00e9nero en el deporte&#8221;<\/em>, apunta el equipo.<\/p>\n\n\n\n<h2 class=\"wp-block-heading\"><strong>Una campa\u00f1a comprometida con los Objetivos de Desarrollo Sostenible<\/strong><\/h2>\n\n\n\n<p>La campa\u00f1a Act\u00edvate, adem\u00e1s, est\u00e1 comprometida con los Objetivos de Desarrollo Sostenible, motivo por el cual esta edici\u00f3n destaca la importancia del quinto ODS de la Agenda 2030, relativo a la igualdad de g\u00e9nero. Al igual que en otras ediciones, Ausolan sigue fomentando objetivos relacionados con la salud y el bienestar, fundamental para mantener un estilo de vida saludable mientras se practica una disciplina deportiva, ayudando a mantenerse f\u00edsica y mentalmente sanos y activos.<\/p>\n\n\n\n<p>Para compaginar una disciplina deportiva con el d\u00eda a d\u00eda es muy importante mantener un estilo de vida saludable. Ayuda a estar sanos f\u00edsica y mentalmente, a mantenerse activos y es imprescindible una dieta equilibrada. El ODS 10, por su parte, \u201creducci\u00f3n de las desigualdades\u201d nos recuerda que el hecho de tener una discapacidad no impide llegar a lo m\u00e1s alto en un deporte.<\/p>\n","protected":false},"excerpt":{"rendered":"<p>Con el objetivo de promover un estilo de vida saludable y la pr\u00e1ctica de ejercicio desde edades tempranas Ausolan lanza una nueva campa\u00f1a de Act\u00edvate con el foco en la igualdad de g\u00e9nero y en los deportes minoritarios Ausolan, presenta la 4\u00aa edici\u00f3n de la campa\u00f1a Act\u00edvate, con el objetivo de promover un estilo de [&hellip;]<\/p>\n","protected":false},"author":1,"featured_media":2947,"comment_status":"closed","ping_status":"closed","sticky":false,"template":"","format":"standard","meta":{"_acf_changed":false,"footnotes":""},"categories":[82],"tags":[],"class_list":["post-2951","post","type-post","status-publish","format-standard","has-post-thumbnail","hentry","category-dia-a-dia-gl"],"acf":[],"yoast_head":"<!-- This site is optimized with the Yoast SEO plugin v24.8.1 - https:\/\/yoast.com\/wordpress\/plugins\/seo\/ -->\n<title>Ausolan lanza una nueva campa\u00f1a de Act\u00edvate con el foco en la igualdad de g\u00e9nero y en los deportes minoritarios | Ausolan<\/title>\n<meta name=\"robots\" content=\"index, follow, max-snippet:-1, max-image-preview:large, max-video-preview:-1\" \/>\n<link rel=\"canonical\" href=\"https:\/\/www.ausolan.com\/gl\/actualidade\/ausolan-lanza-una-nueva-campana-de-activate-con-el-foco-en-la-igualdad-de-genero-y-en-los-deportes-minoritarios\/\" \/>\n<meta property=\"og:locale\" content=\"gl_ES\" \/>\n<meta property=\"og:type\" content=\"article\" \/>\n<meta property=\"og:title\" content=\"Ausolan lanza una nueva campa\u00f1a de Act\u00edvate con el foco en la igualdad de g\u00e9nero y en los deportes minoritarios | Ausolan\" \/>\n<meta property=\"og:description\" content=\"Con el objetivo de promover un estilo de vida saludable y la pr\u00e1ctica de ejercicio desde edades tempranas Ausolan lanza una nueva campa\u00f1a de Act\u00edvate con el foco en la igualdad de g\u00e9nero y en los deportes minoritarios Ausolan, presenta la 4\u00aa edici\u00f3n de la campa\u00f1a Act\u00edvate, con el objetivo de promover un estilo de [&hellip;]\" \/>\n<meta property=\"og:url\" content=\"https:\/\/www.ausolan.com\/gl\/actualidade\/ausolan-lanza-una-nueva-campana-de-activate-con-el-foco-en-la-igualdad-de-genero-y-en-los-deportes-minoritarios\/\" \/>\n<meta property=\"og:site_name\" content=\"Ausolan\" \/>\n<meta property=\"article:published_time\" content=\"2024-05-02T08:38:00+00:00\" \/>\n<meta property=\"og:image\" content=\"https:\/\/www.ausolan.com\/wp-content\/uploads\/2024\/04\/Ausolan_RRSS_Share.jpg\" \/>\n\t<meta property=\"og:image:width\" content=\"1200\" \/>\n\t<meta property=\"og:image:height\" content=\"630\" \/>\n\t<meta property=\"og:image:type\" content=\"image\/jpeg\" \/>\n<meta name=\"author\" content=\"ausolan\" \/>\n<meta name=\"twitter:card\" content=\"summary_large_image\" \/>\n<meta name=\"twitter:label1\" content=\"Escrito por\" \/>\n\t<meta name=\"twitter:data1\" content=\"ausolan\" \/>\n\t<meta name=\"twitter:label2\" content=\"Tempo de lectura\" \/>\n\t<meta name=\"twitter:data2\" content=\"3 minutos\" \/>\n<script type=\"application\/ld+json\" class=\"yoast-schema-graph\">{\"@context\":\"https:\/\/schema.org\",\"@graph\":[{\"@type\":\"WebPage\",\"@id\":\"https:\/\/www.ausolan.com\/gl\/actualidade\/ausolan-lanza-una-nueva-campana-de-activate-con-el-foco-en-la-igualdad-de-genero-y-en-los-deportes-minoritarios\/\",\"url\":\"https:\/\/www.ausolan.com\/gl\/actualidade\/ausolan-lanza-una-nueva-campana-de-activate-con-el-foco-en-la-igualdad-de-genero-y-en-los-deportes-minoritarios\/\",\"name\":\"Ausolan lanza una nueva campa\u00f1a de Act\u00edvate con el foco en la igualdad de g\u00e9nero y en los deportes minoritarios | Ausolan\",\"isPartOf\":{\"@id\":\"https:\/\/www.ausolan.com\/gl\/#website\"},\"primaryImageOfPage\":{\"@id\":\"https:\/\/www.ausolan.com\/gl\/actualidade\/ausolan-lanza-una-nueva-campana-de-activate-con-el-foco-en-la-igualdad-de-genero-y-en-los-deportes-minoritarios\/#primaryimage\"},\"image\":{\"@id\":\"https:\/\/www.ausolan.com\/gl\/actualidade\/ausolan-lanza-una-nueva-campana-de-activate-con-el-foco-en-la-igualdad-de-genero-y-en-los-deportes-minoritarios\/#primaryimage\"},\"thumbnailUrl\":\"\/wp-content\/uploads\/2024\/05\/Activate-2-mayo-2024-scaled.jpg\",\"datePublished\":\"2024-05-02T08:38:00+00:00\",\"author\":{\"@id\":\"https:\/\/www.ausolan.com\/gl\/#\/schema\/person\/569b7059e96c50f7ad76b6c44b5e3015\"},\"breadcrumb\":{\"@id\":\"https:\/\/www.ausolan.com\/gl\/actualidade\/ausolan-lanza-una-nueva-campana-de-activate-con-el-foco-en-la-igualdad-de-genero-y-en-los-deportes-minoritarios\/#breadcrumb\"},\"inLanguage\":\"gl-ES\",\"potentialAction\":[{\"@type\":\"ReadAction\",\"target\":[\"https:\/\/www.ausolan.com\/gl\/actualidade\/ausolan-lanza-una-nueva-campana-de-activate-con-el-foco-en-la-igualdad-de-genero-y-en-los-deportes-minoritarios\/\"]}]},{\"@type\":\"ImageObject\",\"inLanguage\":\"gl-ES\",\"@id\":\"https:\/\/www.ausolan.com\/gl\/actualidade\/ausolan-lanza-una-nueva-campana-de-activate-con-el-foco-en-la-igualdad-de-genero-y-en-los-deportes-minoritarios\/#primaryimage\",\"url\":\"\/wp-content\/uploads\/2024\/05\/Activate-2-mayo-2024-scaled.jpg\",\"contentUrl\":\"\/wp-content\/uploads\/2024\/05\/Activate-2-mayo-2024-scaled.jpg\",\"width\":2560,\"height\":1707},{\"@type\":\"BreadcrumbList\",\"@id\":\"https:\/\/www.ausolan.com\/gl\/actualidade\/ausolan-lanza-una-nueva-campana-de-activate-con-el-foco-en-la-igualdad-de-genero-y-en-los-deportes-minoritarios\/#breadcrumb\",\"itemListElement\":[{\"@type\":\"ListItem\",\"position\":1,\"name\":\"Portada\",\"item\":\"https:\/\/www.ausolan.com\/gl\/\"},{\"@type\":\"ListItem\",\"position\":2,\"name\":\"Ausolan lanza una nueva campa\u00f1a de Act\u00edvate con el foco en la igualdad de g\u00e9nero y en los deportes minoritarios\"}]},{\"@type\":\"WebSite\",\"@id\":\"https:\/\/www.ausolan.com\/gl\/#website\",\"url\":\"https:\/\/www.ausolan.com\/gl\/\",\"name\":\"Ausolan\",\"description\":\"Restauraci\u00f3n e limpeza colectiva\",\"potentialAction\":[{\"@type\":\"SearchAction\",\"target\":{\"@type\":\"EntryPoint\",\"urlTemplate\":\"https:\/\/www.ausolan.com\/gl\/?s={search_term_string}\"},\"query-input\":{\"@type\":\"PropertyValueSpecification\",\"valueRequired\":true,\"valueName\":\"search_term_string\"}}],\"inLanguage\":\"gl-ES\"},{\"@type\":\"Person\",\"@id\":\"https:\/\/www.ausolan.com\/gl\/#\/schema\/person\/569b7059e96c50f7ad76b6c44b5e3015\",\"name\":\"ausolan\",\"image\":{\"@type\":\"ImageObject\",\"inLanguage\":\"gl-ES\",\"@id\":\"https:\/\/www.ausolan.com\/gl\/#\/schema\/person\/image\/\",\"url\":\"https:\/\/secure.gravatar.com\/avatar\/90cdb1518b5f37dba0ba233a32cd632e?s=96&d=mm&r=g\",\"contentUrl\":\"https:\/\/secure.gravatar.com\/avatar\/90cdb1518b5f37dba0ba233a32cd632e?s=96&d=mm&r=g\",\"caption\":\"ausolan\"},\"sameAs\":[\"https:\/\/www.ausolan.com\"],\"url\":\"https:\/\/www.ausolan.com\/gl\/author\/ausolan\/\"}]}<\/script>\n<!-- \/ Yoast SEO plugin. -->","yoast_head_json":{"title":"Ausolan lanza una nueva campa\u00f1a de Act\u00edvate con el foco en la igualdad de g\u00e9nero y en los deportes minoritarios | Ausolan","robots":{"index":"index","follow":"follow","max-snippet":"max-snippet:-1","max-image-preview":"max-image-preview:large","max-video-preview":"max-video-preview:-1"},"canonical":"https:\/\/www.ausolan.com\/gl\/actualidade\/ausolan-lanza-una-nueva-campana-de-activate-con-el-foco-en-la-igualdad-de-genero-y-en-los-deportes-minoritarios\/","og_locale":"gl_ES","og_type":"article","og_title":"Ausolan lanza una nueva campa\u00f1a de Act\u00edvate con el foco en la igualdad de g\u00e9nero y en los deportes minoritarios | Ausolan","og_description":"Con el objetivo de promover un estilo de vida saludable y la pr\u00e1ctica de ejercicio desde edades tempranas Ausolan lanza una nueva campa\u00f1a de Act\u00edvate con el foco en la igualdad de g\u00e9nero y en los deportes minoritarios Ausolan, presenta la 4\u00aa edici\u00f3n de la campa\u00f1a Act\u00edvate, con el objetivo de promover un estilo de [&hellip;]","og_url":"https:\/\/www.ausolan.com\/gl\/actualidade\/ausolan-lanza-una-nueva-campana-de-activate-con-el-foco-en-la-igualdad-de-genero-y-en-los-deportes-minoritarios\/","og_site_name":"Ausolan","article_published_time":"2024-05-02T08:38:00+00:00","og_image":[{"width":1200,"height":630,"url":"https:\/\/www.ausolan.com\/wp-content\/uploads\/2024\/04\/Ausolan_RRSS_Share.jpg","type":"image\/jpeg"}],"author":"ausolan","twitter_card":"summary_large_image","twitter_misc":{"Escrito por":"ausolan","Tempo de lectura":"3 minutos"},"schema":{"@context":"https:\/\/schema.org","@graph":[{"@type":"WebPage","@id":"https:\/\/www.ausolan.com\/gl\/actualidade\/ausolan-lanza-una-nueva-campana-de-activate-con-el-foco-en-la-igualdad-de-genero-y-en-los-deportes-minoritarios\/","url":"https:\/\/www.ausolan.com\/gl\/actualidade\/ausolan-lanza-una-nueva-campana-de-activate-con-el-foco-en-la-igualdad-de-genero-y-en-los-deportes-minoritarios\/","name":"Ausolan lanza una nueva campa\u00f1a de Act\u00edvate con el foco en la igualdad de g\u00e9nero y en los deportes minoritarios | Ausolan","isPartOf":{"@id":"https:\/\/www.ausolan.com\/gl\/#website"},"primaryImageOfPage":{"@id":"https:\/\/www.ausolan.com\/gl\/actualidade\/ausolan-lanza-una-nueva-campana-de-activate-con-el-foco-en-la-igualdad-de-genero-y-en-los-deportes-minoritarios\/#primaryimage"},"image":{"@id":"https:\/\/www.ausolan.com\/gl\/actualidade\/ausolan-lanza-una-nueva-campana-de-activate-con-el-foco-en-la-igualdad-de-genero-y-en-los-deportes-minoritarios\/#primaryimage"},"thumbnailUrl":"\/wp-content\/uploads\/2024\/05\/Activate-2-mayo-2024-scaled.jpg","datePublished":"2024-05-02T08:38:00+00:00","author":{"@id":"https:\/\/www.ausolan.com\/gl\/#\/schema\/person\/569b7059e96c50f7ad76b6c44b5e3015"},"breadcrumb":{"@id":"https:\/\/www.ausolan.com\/gl\/actualidade\/ausolan-lanza-una-nueva-campana-de-activate-con-el-foco-en-la-igualdad-de-genero-y-en-los-deportes-minoritarios\/#breadcrumb"},"inLanguage":"gl-ES","potentialAction":[{"@type":"ReadAction","target":["https:\/\/www.ausolan.com\/gl\/actualidade\/ausolan-lanza-una-nueva-campana-de-activate-con-el-foco-en-la-igualdad-de-genero-y-en-los-deportes-minoritarios\/"]}]},{"@type":"ImageObject","inLanguage":"gl-ES","@id":"https:\/\/www.ausolan.com\/gl\/actualidade\/ausolan-lanza-una-nueva-campana-de-activate-con-el-foco-en-la-igualdad-de-genero-y-en-los-deportes-minoritarios\/#primaryimage","url":"\/wp-content\/uploads\/2024\/05\/Activate-2-mayo-2024-scaled.jpg","contentUrl":"\/wp-content\/uploads\/2024\/05\/Activate-2-mayo-2024-scaled.jpg","width":2560,"height":1707},{"@type":"BreadcrumbList","@id":"https:\/\/www.ausolan.com\/gl\/actualidade\/ausolan-lanza-una-nueva-campana-de-activate-con-el-foco-en-la-igualdad-de-genero-y-en-los-deportes-minoritarios\/#breadcrumb","itemListElement":[{"@type":"ListItem","position":1,"name":"Portada","item":"https:\/\/www.ausolan.com\/gl\/"},{"@type":"ListItem","position":2,"name":"Ausolan lanza una nueva campa\u00f1a de Act\u00edvate con el foco en la igualdad de g\u00e9nero y en los deportes minoritarios"}]},{"@type":"WebSite","@id":"https:\/\/www.ausolan.com\/gl\/#website","url":"https:\/\/www.ausolan.com\/gl\/","name":"Ausolan","description":"Restauraci\u00f3n e limpeza colectiva","potentialAction":[{"@type":"SearchAction","target":{"@type":"EntryPoint","urlTemplate":"https:\/\/www.ausolan.com\/gl\/?s={search_term_string}"},"query-input":{"@type":"PropertyValueSpecification","valueRequired":true,"valueName":"search_term_string"}}],"inLanguage":"gl-ES"},{"@type":"Person","@id":"https:\/\/www.ausolan.com\/gl\/#\/schema\/person\/569b7059e96c50f7ad76b6c44b5e3015","name":"ausolan","image":{"@type":"ImageObject","inLanguage":"gl-ES","@id":"https:\/\/www.ausolan.com\/gl\/#\/schema\/person\/image\/","url":"https:\/\/secure.gravatar.com\/avatar\/90cdb1518b5f37dba0ba233a32cd632e?s=96&d=mm&r=g","contentUrl":"https:\/\/secure.gravatar.com\/avatar\/90cdb1518b5f37dba0ba233a32cd632e?s=96&d=mm&r=g","caption":"ausolan"},"sameAs":["https:\/\/www.ausolan.com"],"url":"https:\/\/www.ausolan.com\/gl\/author\/ausolan\/"}]}},"_links":{"self":[{"href":"https:\/\/www.ausolan.com\/gl\/wp-json\/wp\/v2\/posts\/2951","targetHints":{"allow":["GET"]}}],"collection":[{"href":"https:\/\/www.ausolan.com\/gl\/wp-json\/wp\/v2\/posts"}],"about":[{"href":"https:\/\/www.ausolan.com\/gl\/wp-json\/wp\/v2\/types\/post"}],"author":[{"embeddable":true,"href":"https:\/\/www.ausolan.com\/gl\/wp-json\/wp\/v2\/users\/1"}],"replies":[{"embeddable":true,"href":"https:\/\/www.ausolan.com\/gl\/wp-json\/wp\/v2\/comments?post=2951"}],"version-history":[{"count":0,"href":"https:\/\/www.ausolan.com\/gl\/wp-json\/wp\/v2\/posts\/2951\/revisions"}],"wp:featuredmedia":[{"embeddable":true,"href":"https:\/\/www.ausolan.com\/gl\/wp-json\/wp\/v2\/media\/2947"}],"wp:attachment":[{"href":"https:\/\/www.ausolan.com\/gl\/wp-json\/wp\/v2\/media?parent=2951"}],"wp:term":[{"taxonomy":"category","embeddable":true,"href":"https:\/\/www.ausolan.com\/gl\/wp-json\/wp\/v2\/categories?post=2951"},{"taxonomy":"post_tag","embeddable":true,"href":"https:\/\/www.ausolan.com\/gl\/wp-json\/wp\/v2\/tags?post=2951"}],"curies":[{"name":"wp","href":"https:\/\/api.w.org\/{rel}","templated":true}]}}