{"id":2908,"date":"2024-01-01T11:00:41","date_gmt":"2024-01-01T10:00:41","guid":{"rendered":"https:\/\/www.ausolan.com\/la-exposicion-escolar-que-ensena-al-alumnado-la-importancia-de-llevar-una-alimentacion-saludable-sostenible-y-solidaria\/"},"modified":"2024-01-01T11:00:41","modified_gmt":"2024-01-01T10:00:41","slug":"la-exposicion-escolar-que-ensena-al-alumnado-la-importancia-de-llevar-una-alimentacion-saludable-sostenible-y-solidaria","status":"publish","type":"post","link":"https:\/\/www.ausolan.com\/gl\/actualidade\/la-exposicion-escolar-que-ensena-al-alumnado-la-importancia-de-llevar-una-alimentacion-saludable-sostenible-y-solidaria\/","title":{"rendered":"La exposici\u00f3n escolar que ense\u00f1a al alumnado la importancia de llevar una alimentaci\u00f3n saludable, sostenible y solidaria"},"content":{"rendered":"\n<p>\u2022&nbsp;<strong>Esta iniciativa, que alcanza este a\u00f1o su cuarta edici\u00f3n tras impactar en m\u00e1s de 4.000 escolares, es una exposici\u00f3n itinerante que &#8211; durante cinco meses \u2013 se traslada por distintos centros de Pa\u00eds Vasco y Navarra acompa\u00f1ada de talleres y charlas formativas.<br><br>\u2022 Dirigida al alumnado de 8 a 12 a\u00f1os, la exposici\u00f3n busca promover una alimentaci\u00f3n saludable, sostenible y solidaria apelando a la responsabilidad y al compromiso personal, tanto en casa, como en el comedor escolar.<\/strong><\/p>\n\n\n\n<p>Grupo Ausolan, a trav\u00e9s de su proyecto educativo en el comedor escolar, ha lanzado la IV edici\u00f3n de Elikabizia en Pa\u00eds Vasco y Navarra; una exposici\u00f3n orientada a promover una alimentaci\u00f3n saludable, sostenible y solidaria entre el alumnado de 8 a 12 a\u00f1os.<\/p>\n\n\n\n<p>Esta exposici\u00f3n, que se ha convertido en un recurso educativo para toda la comunidad escolar &#8211; tanto para el alumnado como para el profesorado y las familias -, educa en la adquisici\u00f3n de h\u00e1bitos de vida saludables y sostenibles desde la infancia. Una coparticipaci\u00f3n e implicaci\u00f3n de toda la comunidad educativa y del alumnado que resulta fundamental ya que \u201c<em>&nbsp;buscamos educar en conductas corresponsables para conseguir que el mundo se transforme en algo mejor<\/em>\u201d, se\u00f1alan las&nbsp;<strong>responsables del proyecto educativo de Ausolan en Pa\u00eds Vasco y Navarra.<\/strong><\/p>\n\n\n\n<p>Para ello, \u201c<em>&nbsp;se aprovechar\u00e1 el horario lectivo y del comedor escolar para desarrollar distintos talleres y charlas formativas con el alumnado<\/em>\u201d, a\u00f1aden; y, adem\u00e1s, se acompa\u00f1ar\u00e1 de una gu\u00eda para las familias con elementos clave que sirvan de apoyo para adquirir h\u00e1bitos saludables en casa.<\/p>\n\n\n\n<p>En cuanto a los mensajes de&nbsp;<strong>Elikabizia<\/strong>, la exposici\u00f3n gira en torno a \u201c<em>&nbsp;llevar una alimentaci\u00f3n basada en productos saludables \u2013 con especial protagonismo de frutas y verduras \u2013 comer la cantidad adecuada, tomar conciencia de la importancia de evitar el despilfarro alimentario, as\u00ed como aprender a leer e interpretar el etiquetado y evitar grasas, az\u00facares y sal&nbsp;<\/em>\u201d, desvelan desde&nbsp;<strong>Ausolan<\/strong>.<\/p>\n\n\n\n<p>Un enfoque de la alimentaci\u00f3n basado en tres ejes: salud, medio ambiente y justicia social, que enlaza los contenidos con los Objetivos de Desarrollo Sostenible de la Agenda 2030 aprobada por la ONU en la promoci\u00f3n a la contribuci\u00f3n de todos en la lucha contra el hambre, el cuidado de la propia salud, la protecci\u00f3n del medio ambiente y el consumo responsable, entre otros.<\/p>\n\n\n\n<p>El proyecto&nbsp;<strong>Elikabizia<\/strong>, que arranca hoy, estar\u00e1 movi\u00e9ndose por distintos centros escolares hasta finales de mayo con el objetivo de superar las cifras alcanzadas en pasadas ediciones, con cerca de 4.000 escolares y m\u00e1s de 30 centros adheridos en Pa\u00eds Vasco y Navarra.<\/p>\n\n\n\n<p>Esta iniciativa est\u00e1 enmarcada en el proyecto Cuida la Comida \u201cZaindu Janaria\u201d de Grupo Ausolan, un plan desarrollado para la reducci\u00f3n del sobrante alimentario y el fomento de un estilo de vida saludable y responsable con el medio ambiente.<\/p>\n","protected":false},"excerpt":{"rendered":"<p>\u2022&nbsp;Esta iniciativa, que alcanza este a\u00f1o su cuarta edici\u00f3n tras impactar en m\u00e1s de 4.000 escolares, es una exposici\u00f3n itinerante que &#8211; durante cinco meses \u2013 se traslada por distintos centros de Pa\u00eds Vasco y Navarra acompa\u00f1ada de talleres y charlas formativas. \u2022 Dirigida al alumnado de 8 a 12 a\u00f1os, la exposici\u00f3n busca promover [&hellip;]<\/p>\n","protected":false},"author":1,"featured_media":2906,"comment_status":"closed","ping_status":"closed","sticky":false,"template":"","format":"standard","meta":{"_acf_changed":false,"footnotes":""},"categories":[82],"tags":[],"class_list":["post-2908","post","type-post","status-publish","format-standard","has-post-thumbnail","hentry","category-dia-a-dia-gl"],"acf":[],"yoast_head":"<!-- This site is optimized with the Yoast SEO plugin v24.8.1 - https:\/\/yoast.com\/wordpress\/plugins\/seo\/ -->\n<title>La exposici\u00f3n escolar que ense\u00f1a al alumnado la importancia de llevar una alimentaci\u00f3n saludable, sostenible y solidaria | Ausolan<\/title>\n<meta name=\"robots\" content=\"index, follow, max-snippet:-1, max-image-preview:large, max-video-preview:-1\" \/>\n<link rel=\"canonical\" href=\"https:\/\/www.ausolan.com\/gl\/actualidade\/la-exposicion-escolar-que-ensena-al-alumnado-la-importancia-de-llevar-una-alimentacion-saludable-sostenible-y-solidaria\/\" \/>\n<meta property=\"og:locale\" content=\"gl_ES\" \/>\n<meta property=\"og:type\" content=\"article\" \/>\n<meta property=\"og:title\" content=\"La exposici\u00f3n escolar que ense\u00f1a al alumnado la importancia de llevar una alimentaci\u00f3n saludable, sostenible y solidaria | Ausolan\" \/>\n<meta property=\"og:description\" content=\"\u2022&nbsp;Esta iniciativa, que alcanza este a\u00f1o su cuarta edici\u00f3n tras impactar en m\u00e1s de 4.000 escolares, es una exposici\u00f3n itinerante que &#8211; durante cinco meses \u2013 se traslada por distintos centros de Pa\u00eds Vasco y Navarra acompa\u00f1ada de talleres y charlas formativas. \u2022 Dirigida al alumnado de 8 a 12 a\u00f1os, la exposici\u00f3n busca promover [&hellip;]\" \/>\n<meta property=\"og:url\" content=\"https:\/\/www.ausolan.com\/gl\/actualidade\/la-exposicion-escolar-que-ensena-al-alumnado-la-importancia-de-llevar-una-alimentacion-saludable-sostenible-y-solidaria\/\" \/>\n<meta property=\"og:site_name\" content=\"Ausolan\" \/>\n<meta property=\"article:published_time\" content=\"2024-01-01T10:00:41+00:00\" \/>\n<meta property=\"og:image\" content=\"https:\/\/www.ausolan.com\/wp-content\/uploads\/2024\/04\/Ausolan_RRSS_Share.jpg\" \/>\n\t<meta property=\"og:image:width\" content=\"1200\" \/>\n\t<meta property=\"og:image:height\" content=\"630\" \/>\n\t<meta property=\"og:image:type\" content=\"image\/jpeg\" \/>\n<meta name=\"author\" content=\"ausolan\" \/>\n<meta name=\"twitter:card\" content=\"summary_large_image\" \/>\n<meta name=\"twitter:label1\" content=\"Escrito por\" \/>\n\t<meta name=\"twitter:data1\" content=\"ausolan\" \/>\n\t<meta name=\"twitter:label2\" content=\"Tempo de lectura\" \/>\n\t<meta name=\"twitter:data2\" content=\"2 minutos\" \/>\n<script type=\"application\/ld+json\" class=\"yoast-schema-graph\">{\"@context\":\"https:\/\/schema.org\",\"@graph\":[{\"@type\":\"WebPage\",\"@id\":\"https:\/\/www.ausolan.com\/gl\/actualidade\/la-exposicion-escolar-que-ensena-al-alumnado-la-importancia-de-llevar-una-alimentacion-saludable-sostenible-y-solidaria\/\",\"url\":\"https:\/\/www.ausolan.com\/gl\/actualidade\/la-exposicion-escolar-que-ensena-al-alumnado-la-importancia-de-llevar-una-alimentacion-saludable-sostenible-y-solidaria\/\",\"name\":\"La exposici\u00f3n escolar que ense\u00f1a al alumnado la importancia de llevar una alimentaci\u00f3n saludable, sostenible y solidaria | Ausolan\",\"isPartOf\":{\"@id\":\"https:\/\/www.ausolan.com\/gl\/#website\"},\"primaryImageOfPage\":{\"@id\":\"https:\/\/www.ausolan.com\/gl\/actualidade\/la-exposicion-escolar-que-ensena-al-alumnado-la-importancia-de-llevar-una-alimentacion-saludable-sostenible-y-solidaria\/#primaryimage\"},\"image\":{\"@id\":\"https:\/\/www.ausolan.com\/gl\/actualidade\/la-exposicion-escolar-que-ensena-al-alumnado-la-importancia-de-llevar-una-alimentacion-saludable-sostenible-y-solidaria\/#primaryimage\"},\"thumbnailUrl\":\"\/wp-content\/uploads\/2024\/01\/Elikabizia-2024-TW-1200x675-1.jpg\",\"datePublished\":\"2024-01-01T10:00:41+00:00\",\"author\":{\"@id\":\"https:\/\/www.ausolan.com\/gl\/#\/schema\/person\/569b7059e96c50f7ad76b6c44b5e3015\"},\"breadcrumb\":{\"@id\":\"https:\/\/www.ausolan.com\/gl\/actualidade\/la-exposicion-escolar-que-ensena-al-alumnado-la-importancia-de-llevar-una-alimentacion-saludable-sostenible-y-solidaria\/#breadcrumb\"},\"inLanguage\":\"gl-ES\",\"potentialAction\":[{\"@type\":\"ReadAction\",\"target\":[\"https:\/\/www.ausolan.com\/gl\/actualidade\/la-exposicion-escolar-que-ensena-al-alumnado-la-importancia-de-llevar-una-alimentacion-saludable-sostenible-y-solidaria\/\"]}]},{\"@type\":\"ImageObject\",\"inLanguage\":\"gl-ES\",\"@id\":\"https:\/\/www.ausolan.com\/gl\/actualidade\/la-exposicion-escolar-que-ensena-al-alumnado-la-importancia-de-llevar-una-alimentacion-saludable-sostenible-y-solidaria\/#primaryimage\",\"url\":\"\/wp-content\/uploads\/2024\/01\/Elikabizia-2024-TW-1200x675-1.jpg\",\"contentUrl\":\"\/wp-content\/uploads\/2024\/01\/Elikabizia-2024-TW-1200x675-1.jpg\",\"width\":1200,\"height\":675},{\"@type\":\"BreadcrumbList\",\"@id\":\"https:\/\/www.ausolan.com\/gl\/actualidade\/la-exposicion-escolar-que-ensena-al-alumnado-la-importancia-de-llevar-una-alimentacion-saludable-sostenible-y-solidaria\/#breadcrumb\",\"itemListElement\":[{\"@type\":\"ListItem\",\"position\":1,\"name\":\"Portada\",\"item\":\"https:\/\/www.ausolan.com\/gl\/\"},{\"@type\":\"ListItem\",\"position\":2,\"name\":\"La exposici\u00f3n escolar que ense\u00f1a al alumnado la importancia de llevar una alimentaci\u00f3n saludable, sostenible y solidaria\"}]},{\"@type\":\"WebSite\",\"@id\":\"https:\/\/www.ausolan.com\/gl\/#website\",\"url\":\"https:\/\/www.ausolan.com\/gl\/\",\"name\":\"Ausolan\",\"description\":\"Restauraci\u00f3n e limpeza colectiva\",\"potentialAction\":[{\"@type\":\"SearchAction\",\"target\":{\"@type\":\"EntryPoint\",\"urlTemplate\":\"https:\/\/www.ausolan.com\/gl\/?s={search_term_string}\"},\"query-input\":{\"@type\":\"PropertyValueSpecification\",\"valueRequired\":true,\"valueName\":\"search_term_string\"}}],\"inLanguage\":\"gl-ES\"},{\"@type\":\"Person\",\"@id\":\"https:\/\/www.ausolan.com\/gl\/#\/schema\/person\/569b7059e96c50f7ad76b6c44b5e3015\",\"name\":\"ausolan\",\"image\":{\"@type\":\"ImageObject\",\"inLanguage\":\"gl-ES\",\"@id\":\"https:\/\/www.ausolan.com\/gl\/#\/schema\/person\/image\/\",\"url\":\"https:\/\/secure.gravatar.com\/avatar\/90cdb1518b5f37dba0ba233a32cd632e?s=96&d=mm&r=g\",\"contentUrl\":\"https:\/\/secure.gravatar.com\/avatar\/90cdb1518b5f37dba0ba233a32cd632e?s=96&d=mm&r=g\",\"caption\":\"ausolan\"},\"sameAs\":[\"https:\/\/www.ausolan.com\"],\"url\":\"https:\/\/www.ausolan.com\/gl\/author\/ausolan\/\"}]}<\/script>\n<!-- \/ Yoast SEO plugin. -->","yoast_head_json":{"title":"La exposici\u00f3n escolar que ense\u00f1a al alumnado la importancia de llevar una alimentaci\u00f3n saludable, sostenible y solidaria | Ausolan","robots":{"index":"index","follow":"follow","max-snippet":"max-snippet:-1","max-image-preview":"max-image-preview:large","max-video-preview":"max-video-preview:-1"},"canonical":"https:\/\/www.ausolan.com\/gl\/actualidade\/la-exposicion-escolar-que-ensena-al-alumnado-la-importancia-de-llevar-una-alimentacion-saludable-sostenible-y-solidaria\/","og_locale":"gl_ES","og_type":"article","og_title":"La exposici\u00f3n escolar que ense\u00f1a al alumnado la importancia de llevar una alimentaci\u00f3n saludable, sostenible y solidaria | Ausolan","og_description":"\u2022&nbsp;Esta iniciativa, que alcanza este a\u00f1o su cuarta edici\u00f3n tras impactar en m\u00e1s de 4.000 escolares, es una exposici\u00f3n itinerante que &#8211; durante cinco meses \u2013 se traslada por distintos centros de Pa\u00eds Vasco y Navarra acompa\u00f1ada de talleres y charlas formativas. \u2022 Dirigida al alumnado de 8 a 12 a\u00f1os, la exposici\u00f3n busca promover [&hellip;]","og_url":"https:\/\/www.ausolan.com\/gl\/actualidade\/la-exposicion-escolar-que-ensena-al-alumnado-la-importancia-de-llevar-una-alimentacion-saludable-sostenible-y-solidaria\/","og_site_name":"Ausolan","article_published_time":"2024-01-01T10:00:41+00:00","og_image":[{"width":1200,"height":630,"url":"https:\/\/www.ausolan.com\/wp-content\/uploads\/2024\/04\/Ausolan_RRSS_Share.jpg","type":"image\/jpeg"}],"author":"ausolan","twitter_card":"summary_large_image","twitter_misc":{"Escrito por":"ausolan","Tempo de lectura":"2 minutos"},"schema":{"@context":"https:\/\/schema.org","@graph":[{"@type":"WebPage","@id":"https:\/\/www.ausolan.com\/gl\/actualidade\/la-exposicion-escolar-que-ensena-al-alumnado-la-importancia-de-llevar-una-alimentacion-saludable-sostenible-y-solidaria\/","url":"https:\/\/www.ausolan.com\/gl\/actualidade\/la-exposicion-escolar-que-ensena-al-alumnado-la-importancia-de-llevar-una-alimentacion-saludable-sostenible-y-solidaria\/","name":"La exposici\u00f3n escolar que ense\u00f1a al alumnado la importancia de llevar una alimentaci\u00f3n saludable, sostenible y solidaria | Ausolan","isPartOf":{"@id":"https:\/\/www.ausolan.com\/gl\/#website"},"primaryImageOfPage":{"@id":"https:\/\/www.ausolan.com\/gl\/actualidade\/la-exposicion-escolar-que-ensena-al-alumnado-la-importancia-de-llevar-una-alimentacion-saludable-sostenible-y-solidaria\/#primaryimage"},"image":{"@id":"https:\/\/www.ausolan.com\/gl\/actualidade\/la-exposicion-escolar-que-ensena-al-alumnado-la-importancia-de-llevar-una-alimentacion-saludable-sostenible-y-solidaria\/#primaryimage"},"thumbnailUrl":"\/wp-content\/uploads\/2024\/01\/Elikabizia-2024-TW-1200x675-1.jpg","datePublished":"2024-01-01T10:00:41+00:00","author":{"@id":"https:\/\/www.ausolan.com\/gl\/#\/schema\/person\/569b7059e96c50f7ad76b6c44b5e3015"},"breadcrumb":{"@id":"https:\/\/www.ausolan.com\/gl\/actualidade\/la-exposicion-escolar-que-ensena-al-alumnado-la-importancia-de-llevar-una-alimentacion-saludable-sostenible-y-solidaria\/#breadcrumb"},"inLanguage":"gl-ES","potentialAction":[{"@type":"ReadAction","target":["https:\/\/www.ausolan.com\/gl\/actualidade\/la-exposicion-escolar-que-ensena-al-alumnado-la-importancia-de-llevar-una-alimentacion-saludable-sostenible-y-solidaria\/"]}]},{"@type":"ImageObject","inLanguage":"gl-ES","@id":"https:\/\/www.ausolan.com\/gl\/actualidade\/la-exposicion-escolar-que-ensena-al-alumnado-la-importancia-de-llevar-una-alimentacion-saludable-sostenible-y-solidaria\/#primaryimage","url":"\/wp-content\/uploads\/2024\/01\/Elikabizia-2024-TW-1200x675-1.jpg","contentUrl":"\/wp-content\/uploads\/2024\/01\/Elikabizia-2024-TW-1200x675-1.jpg","width":1200,"height":675},{"@type":"BreadcrumbList","@id":"https:\/\/www.ausolan.com\/gl\/actualidade\/la-exposicion-escolar-que-ensena-al-alumnado-la-importancia-de-llevar-una-alimentacion-saludable-sostenible-y-solidaria\/#breadcrumb","itemListElement":[{"@type":"ListItem","position":1,"name":"Portada","item":"https:\/\/www.ausolan.com\/gl\/"},{"@type":"ListItem","position":2,"name":"La exposici\u00f3n escolar que ense\u00f1a al alumnado la importancia de llevar una alimentaci\u00f3n saludable, sostenible y solidaria"}]},{"@type":"WebSite","@id":"https:\/\/www.ausolan.com\/gl\/#website","url":"https:\/\/www.ausolan.com\/gl\/","name":"Ausolan","description":"Restauraci\u00f3n e limpeza colectiva","potentialAction":[{"@type":"SearchAction","target":{"@type":"EntryPoint","urlTemplate":"https:\/\/www.ausolan.com\/gl\/?s={search_term_string}"},"query-input":{"@type":"PropertyValueSpecification","valueRequired":true,"valueName":"search_term_string"}}],"inLanguage":"gl-ES"},{"@type":"Person","@id":"https:\/\/www.ausolan.com\/gl\/#\/schema\/person\/569b7059e96c50f7ad76b6c44b5e3015","name":"ausolan","image":{"@type":"ImageObject","inLanguage":"gl-ES","@id":"https:\/\/www.ausolan.com\/gl\/#\/schema\/person\/image\/","url":"https:\/\/secure.gravatar.com\/avatar\/90cdb1518b5f37dba0ba233a32cd632e?s=96&d=mm&r=g","contentUrl":"https:\/\/secure.gravatar.com\/avatar\/90cdb1518b5f37dba0ba233a32cd632e?s=96&d=mm&r=g","caption":"ausolan"},"sameAs":["https:\/\/www.ausolan.com"],"url":"https:\/\/www.ausolan.com\/gl\/author\/ausolan\/"}]}},"_links":{"self":[{"href":"https:\/\/www.ausolan.com\/gl\/wp-json\/wp\/v2\/posts\/2908","targetHints":{"allow":["GET"]}}],"collection":[{"href":"https:\/\/www.ausolan.com\/gl\/wp-json\/wp\/v2\/posts"}],"about":[{"href":"https:\/\/www.ausolan.com\/gl\/wp-json\/wp\/v2\/types\/post"}],"author":[{"embeddable":true,"href":"https:\/\/www.ausolan.com\/gl\/wp-json\/wp\/v2\/users\/1"}],"replies":[{"embeddable":true,"href":"https:\/\/www.ausolan.com\/gl\/wp-json\/wp\/v2\/comments?post=2908"}],"version-history":[{"count":0,"href":"https:\/\/www.ausolan.com\/gl\/wp-json\/wp\/v2\/posts\/2908\/revisions"}],"wp:featuredmedia":[{"embeddable":true,"href":"https:\/\/www.ausolan.com\/gl\/wp-json\/wp\/v2\/media\/2906"}],"wp:attachment":[{"href":"https:\/\/www.ausolan.com\/gl\/wp-json\/wp\/v2\/media?parent=2908"}],"wp:term":[{"taxonomy":"category","embeddable":true,"href":"https:\/\/www.ausolan.com\/gl\/wp-json\/wp\/v2\/categories?post=2908"},{"taxonomy":"post_tag","embeddable":true,"href":"https:\/\/www.ausolan.com\/gl\/wp-json\/wp\/v2\/tags?post=2908"}],"curies":[{"name":"wp","href":"https:\/\/api.w.org\/{rel}","templated":true}]}}