{"id":2902,"date":"2023-11-21T14:52:00","date_gmt":"2023-11-21T13:52:00","guid":{"rendered":"https:\/\/www.ausolan.com\/platano-de-canarias-y-ausolan-se-alian-para-llevar-producto-de-cercania-a-los-comedores-escolares\/"},"modified":"2024-05-27T10:01:21","modified_gmt":"2024-05-27T08:01:21","slug":"platano-de-canarias-y-ausolan-se-alian-para-llevar-producto-de-cercania-a-los-comedores-escolares","status":"publish","type":"post","link":"https:\/\/www.ausolan.com\/gl\/actualidade\/platano-de-canarias-y-ausolan-se-alian-para-llevar-producto-de-cercania-a-los-comedores-escolares\/","title":{"rendered":"Pl\u00e1tano de Canarias y Ausolan se al\u00edan para llevar producto de cercan\u00eda a los comedores escolares"},"content":{"rendered":"\n<p>Con el objetivo de impulsar el consumo de frutas desde la infancia y fomentar un estilo de vida saludable<\/p>\n\n\n\n<p><strong>Pl\u00e1tano de Canarias y Ausolan se al\u00edan para llevar producto de cercan\u00eda a los comedores escolares<\/strong><\/p>\n\n\n\n<p>\u2022 Los productores de Pl\u00e1tano de Canarias y la empresa de restauraci\u00f3n colectiva, Ausolan, han firmado un acuerdo de colaboraci\u00f3n por el cual se distribuir\u00e1n pl\u00e1tanos, cada semana, en m\u00e1s de 1.700 colegios de toda Espa\u00f1a.<\/p>\n\n\n\n<p>\u2022 El objetivo de esta alianza es impulsar el consumo de fruta fresca desde la infancia, para lo que Ausolan garantizar\u00e1 la presencia de Pl\u00e1tano de Canarias, al menos una vez por semana, en sus men\u00fas escolares.<\/p>\n\n\n\n<p>La&nbsp;<strong>Asociaci\u00f3n de Organizaciones de Productores de Pl\u00e1tano de Canarias (ASPROCAN)&nbsp;<\/strong>y&nbsp;<strong>Ausolan<\/strong>, compa\u00f1\u00eda l\u00edder en restauraci\u00f3n colectiva, han firmado un acuerdo de colaboraci\u00f3n por el cual&nbsp;<strong>Pl\u00e1tano de Canarias<\/strong>&nbsp;suministrar\u00e1 pl\u00e1tanos cada semana en m\u00e1s de 1.700 colegios del pa\u00eds.<\/p>\n\n\n\n<p>Esto significa que todos los alumnos, pertenecientes a colegios gestionados por&nbsp;<strong>Ausolan<\/strong>, contar\u00e1n en sus comedores con un producto sano, de producci\u00f3n nacional, sabor y calidad \u2018nuestros\u2019 y con sello de Indicaci\u00f3n Geogr\u00e1fica Protegida.<\/p>\n\n\n\n<p>Con esta alianza,&nbsp;<strong>Ausolan y Pl\u00e1tano de Canarias<\/strong>&nbsp;dan un paso al frente en el esfuerzo de garantizar que en los colegios los ni\u00f1os puedan acceder a una alimentaci\u00f3n m\u00e1s equilibrada y con altos est\u00e1ndares de calidad. Seg\u00fan asegura&nbsp;<strong>Mikel Olarte, director de marketing de Ausolan<\/strong>,&nbsp;<em>\u201cen la gesti\u00f3n de nuestros comedores escolares la premisa es ofrecer men\u00fas sanos, saludables, sabrosos, seguros y sostenibles; por ello, se busca constantemente aumentar el consumo de productos frescos, de mayor calidad y m\u00e1s sostenibles con el medio, unas condiciones que el pl\u00e1tano de Canarias cumple con creces\u201d&nbsp;<\/em>.<\/p>\n\n\n\n<p>Por su parte,&nbsp;<strong>Sergio C\u00e1ceres, gerente y director de marketing de ASPROCAN<\/strong>&nbsp;ha se\u00f1alado que&nbsp;<em>\u201cla colaboraci\u00f3n entre el sector hortofrut\u00edcola y una empresa l\u00edder en restauraci\u00f3n colectiva es fundamental para asegurar que productos locales, m\u00e1s sostenibles con el medio ambiente, lleguen a la poblaci\u00f3n m\u00e1s joven y podamos as\u00ed educar tambi\u00e9n en h\u00e1bitos alimenticios equilibrados y un consumo m\u00e1s responsable\u201d&nbsp;<\/em>.<\/p>\n\n\n\n<p><strong>La alimentaci\u00f3n infantil, un punto clave para la salud<\/strong><\/p>\n\n\n\n<p>Las cifras actuales de obesidad infantil en Espa\u00f1a afectan al 40% de los ni\u00f1os entre 6 y 9 a\u00f1os seg\u00fan datos del Ministerio de Consumo y la Agencia Espa\u00f1ola de Seguridad Alimentaria y Nutrici\u00f3n. Un dato que hace evidente la necesidad de seguir trabajando en mejorar la alimentaci\u00f3n de los peque\u00f1os y educar en buenos h\u00e1bitos alimenticios como el producto de proximidad, la sostenibilidad y el consumo de frutas y hortalizas frescas, que en Espa\u00f1a se encuentra en descenso. Y es que, el consumo de fruta en Espa\u00f1a ha ca\u00eddo un 8,4% en los \u00faltimos cinco a\u00f1os y, seg\u00fan los \u00faltimos datos publicados del Panel del Consumo Alimentario del Ministerio de Agricultura, Pesca y Alimentaci\u00f3n, en los primeros seis meses de este 2023 ya acumula un retroceso del 2,3% respecto al mismo periodo de 2022.<\/p>\n\n\n\n<p>Con este objetivo com\u00fan y en participaci\u00f3n con todos los agentes implicados en la educaci\u00f3n de los m\u00e1s peque\u00f1os, el comedor escolar se convierte en un espacio de educaci\u00f3n integral propicio para impulsar h\u00e1bitos alimentarios saludables y sostenibles.<\/p>\n\n\n\n<p>Una tarea en la que Ausolan llevan m\u00e1s de una d\u00e9cada trabajando -desde su proyecto educativo- con multitud de acciones que fomentan un estilo de vida saludable y responsable, y que se suma a la labor tambi\u00e9n desarrollada por Pl\u00e1tano de Canarias a trav\u00e9s de diversos programas, como \u2018La Fruta Da Vida Extra\u2019, apoyado por la Uni\u00f3n Europea y que trata de impulsar el consumo de frutas y hortalizas frescas en ni\u00f1os y j\u00f3venes.<\/p>\n","protected":false},"excerpt":{"rendered":"<p>Con el objetivo de impulsar el consumo de frutas desde la infancia y fomentar un estilo de vida saludable Pl\u00e1tano de Canarias y Ausolan se al\u00edan para llevar producto de cercan\u00eda a los comedores escolares \u2022 Los productores de Pl\u00e1tano de Canarias y la empresa de restauraci\u00f3n colectiva, Ausolan, han firmado un acuerdo de colaboraci\u00f3n [&hellip;]<\/p>\n","protected":false},"author":1,"featured_media":2899,"comment_status":"closed","ping_status":"closed","sticky":false,"template":"","format":"standard","meta":{"_acf_changed":false,"footnotes":""},"categories":[78],"tags":[],"class_list":["post-2902","post","type-post","status-publish","format-standard","has-post-thumbnail","hentry","category-compromiso-gl"],"acf":[],"yoast_head":"<!-- This site is optimized with the Yoast SEO plugin v24.8.1 - https:\/\/yoast.com\/wordpress\/plugins\/seo\/ -->\n<title>Pl\u00e1tano de Canarias y Ausolan se al\u00edan para llevar producto de cercan\u00eda a los comedores escolares | Ausolan<\/title>\n<meta name=\"robots\" content=\"index, follow, max-snippet:-1, max-image-preview:large, max-video-preview:-1\" \/>\n<link rel=\"canonical\" href=\"https:\/\/www.ausolan.com\/gl\/actualidade\/platano-de-canarias-y-ausolan-se-alian-para-llevar-producto-de-cercania-a-los-comedores-escolares\/\" \/>\n<meta property=\"og:locale\" content=\"gl_ES\" \/>\n<meta property=\"og:type\" content=\"article\" \/>\n<meta property=\"og:title\" content=\"Pl\u00e1tano de Canarias y Ausolan se al\u00edan para llevar producto de cercan\u00eda a los comedores escolares | Ausolan\" \/>\n<meta property=\"og:description\" content=\"Con el objetivo de impulsar el consumo de frutas desde la infancia y fomentar un estilo de vida saludable Pl\u00e1tano de Canarias y Ausolan se al\u00edan para llevar producto de cercan\u00eda a los comedores escolares \u2022 Los productores de Pl\u00e1tano de Canarias y la empresa de restauraci\u00f3n colectiva, Ausolan, han firmado un acuerdo de colaboraci\u00f3n [&hellip;]\" \/>\n<meta property=\"og:url\" content=\"https:\/\/www.ausolan.com\/gl\/actualidade\/platano-de-canarias-y-ausolan-se-alian-para-llevar-producto-de-cercania-a-los-comedores-escolares\/\" \/>\n<meta property=\"og:site_name\" content=\"Ausolan\" \/>\n<meta property=\"article:published_time\" content=\"2023-11-21T13:52:00+00:00\" \/>\n<meta property=\"article:modified_time\" content=\"2024-05-27T08:01:21+00:00\" \/>\n<meta property=\"og:image\" content=\"https:\/\/www.ausolan.com\/wp-content\/uploads\/2024\/05\/NP-Platano-de-canarias.jpg\" \/>\n\t<meta property=\"og:image:width\" content=\"718\" \/>\n\t<meta property=\"og:image:height\" content=\"457\" \/>\n\t<meta property=\"og:image:type\" content=\"image\/jpeg\" \/>\n<meta name=\"author\" content=\"ausolan\" \/>\n<meta name=\"twitter:card\" content=\"summary_large_image\" \/>\n<meta name=\"twitter:label1\" content=\"Escrito por\" \/>\n\t<meta name=\"twitter:data1\" content=\"ausolan\" \/>\n\t<meta name=\"twitter:label2\" content=\"Tempo de lectura\" \/>\n\t<meta name=\"twitter:data2\" content=\"3 minutos\" \/>\n<script type=\"application\/ld+json\" class=\"yoast-schema-graph\">{\"@context\":\"https:\/\/schema.org\",\"@graph\":[{\"@type\":\"WebPage\",\"@id\":\"https:\/\/www.ausolan.com\/gl\/actualidade\/platano-de-canarias-y-ausolan-se-alian-para-llevar-producto-de-cercania-a-los-comedores-escolares\/\",\"url\":\"https:\/\/www.ausolan.com\/gl\/actualidade\/platano-de-canarias-y-ausolan-se-alian-para-llevar-producto-de-cercania-a-los-comedores-escolares\/\",\"name\":\"Pl\u00e1tano de Canarias y Ausolan se al\u00edan para llevar producto de cercan\u00eda a los comedores escolares | Ausolan\",\"isPartOf\":{\"@id\":\"https:\/\/www.ausolan.com\/gl\/#website\"},\"primaryImageOfPage\":{\"@id\":\"https:\/\/www.ausolan.com\/gl\/actualidade\/platano-de-canarias-y-ausolan-se-alian-para-llevar-producto-de-cercania-a-los-comedores-escolares\/#primaryimage\"},\"image\":{\"@id\":\"https:\/\/www.ausolan.com\/gl\/actualidade\/platano-de-canarias-y-ausolan-se-alian-para-llevar-producto-de-cercania-a-los-comedores-escolares\/#primaryimage\"},\"thumbnailUrl\":\"\/wp-content\/uploads\/2024\/05\/NP-Platano-de-canarias.jpg\",\"datePublished\":\"2023-11-21T13:52:00+00:00\",\"dateModified\":\"2024-05-27T08:01:21+00:00\",\"author\":{\"@id\":\"https:\/\/www.ausolan.com\/gl\/#\/schema\/person\/569b7059e96c50f7ad76b6c44b5e3015\"},\"breadcrumb\":{\"@id\":\"https:\/\/www.ausolan.com\/gl\/actualidade\/platano-de-canarias-y-ausolan-se-alian-para-llevar-producto-de-cercania-a-los-comedores-escolares\/#breadcrumb\"},\"inLanguage\":\"gl-ES\",\"potentialAction\":[{\"@type\":\"ReadAction\",\"target\":[\"https:\/\/www.ausolan.com\/gl\/actualidade\/platano-de-canarias-y-ausolan-se-alian-para-llevar-producto-de-cercania-a-los-comedores-escolares\/\"]}]},{\"@type\":\"ImageObject\",\"inLanguage\":\"gl-ES\",\"@id\":\"https:\/\/www.ausolan.com\/gl\/actualidade\/platano-de-canarias-y-ausolan-se-alian-para-llevar-producto-de-cercania-a-los-comedores-escolares\/#primaryimage\",\"url\":\"\/wp-content\/uploads\/2024\/05\/NP-Platano-de-canarias.jpg\",\"contentUrl\":\"\/wp-content\/uploads\/2024\/05\/NP-Platano-de-canarias.jpg\",\"width\":718,\"height\":457},{\"@type\":\"BreadcrumbList\",\"@id\":\"https:\/\/www.ausolan.com\/gl\/actualidade\/platano-de-canarias-y-ausolan-se-alian-para-llevar-producto-de-cercania-a-los-comedores-escolares\/#breadcrumb\",\"itemListElement\":[{\"@type\":\"ListItem\",\"position\":1,\"name\":\"Portada\",\"item\":\"https:\/\/www.ausolan.com\/gl\/\"},{\"@type\":\"ListItem\",\"position\":2,\"name\":\"Pl\u00e1tano de Canarias y Ausolan se al\u00edan para llevar producto de cercan\u00eda a los comedores escolares\"}]},{\"@type\":\"WebSite\",\"@id\":\"https:\/\/www.ausolan.com\/gl\/#website\",\"url\":\"https:\/\/www.ausolan.com\/gl\/\",\"name\":\"Ausolan\",\"description\":\"Restauraci\u00f3n e limpeza colectiva\",\"potentialAction\":[{\"@type\":\"SearchAction\",\"target\":{\"@type\":\"EntryPoint\",\"urlTemplate\":\"https:\/\/www.ausolan.com\/gl\/?s={search_term_string}\"},\"query-input\":{\"@type\":\"PropertyValueSpecification\",\"valueRequired\":true,\"valueName\":\"search_term_string\"}}],\"inLanguage\":\"gl-ES\"},{\"@type\":\"Person\",\"@id\":\"https:\/\/www.ausolan.com\/gl\/#\/schema\/person\/569b7059e96c50f7ad76b6c44b5e3015\",\"name\":\"ausolan\",\"image\":{\"@type\":\"ImageObject\",\"inLanguage\":\"gl-ES\",\"@id\":\"https:\/\/www.ausolan.com\/gl\/#\/schema\/person\/image\/\",\"url\":\"https:\/\/secure.gravatar.com\/avatar\/90cdb1518b5f37dba0ba233a32cd632e?s=96&d=mm&r=g\",\"contentUrl\":\"https:\/\/secure.gravatar.com\/avatar\/90cdb1518b5f37dba0ba233a32cd632e?s=96&d=mm&r=g\",\"caption\":\"ausolan\"},\"sameAs\":[\"https:\/\/www.ausolan.com\"],\"url\":\"https:\/\/www.ausolan.com\/gl\/author\/ausolan\/\"}]}<\/script>\n<!-- \/ Yoast SEO plugin. -->","yoast_head_json":{"title":"Pl\u00e1tano de Canarias y Ausolan se al\u00edan para llevar producto de cercan\u00eda a los comedores escolares | Ausolan","robots":{"index":"index","follow":"follow","max-snippet":"max-snippet:-1","max-image-preview":"max-image-preview:large","max-video-preview":"max-video-preview:-1"},"canonical":"https:\/\/www.ausolan.com\/gl\/actualidade\/platano-de-canarias-y-ausolan-se-alian-para-llevar-producto-de-cercania-a-los-comedores-escolares\/","og_locale":"gl_ES","og_type":"article","og_title":"Pl\u00e1tano de Canarias y Ausolan se al\u00edan para llevar producto de cercan\u00eda a los comedores escolares | Ausolan","og_description":"Con el objetivo de impulsar el consumo de frutas desde la infancia y fomentar un estilo de vida saludable Pl\u00e1tano de Canarias y Ausolan se al\u00edan para llevar producto de cercan\u00eda a los comedores escolares \u2022 Los productores de Pl\u00e1tano de Canarias y la empresa de restauraci\u00f3n colectiva, Ausolan, han firmado un acuerdo de colaboraci\u00f3n [&hellip;]","og_url":"https:\/\/www.ausolan.com\/gl\/actualidade\/platano-de-canarias-y-ausolan-se-alian-para-llevar-producto-de-cercania-a-los-comedores-escolares\/","og_site_name":"Ausolan","article_published_time":"2023-11-21T13:52:00+00:00","article_modified_time":"2024-05-27T08:01:21+00:00","og_image":[{"width":718,"height":457,"url":"https:\/\/www.ausolan.com\/wp-content\/uploads\/2024\/05\/NP-Platano-de-canarias.jpg","type":"image\/jpeg"}],"author":"ausolan","twitter_card":"summary_large_image","twitter_misc":{"Escrito por":"ausolan","Tempo de lectura":"3 minutos"},"schema":{"@context":"https:\/\/schema.org","@graph":[{"@type":"WebPage","@id":"https:\/\/www.ausolan.com\/gl\/actualidade\/platano-de-canarias-y-ausolan-se-alian-para-llevar-producto-de-cercania-a-los-comedores-escolares\/","url":"https:\/\/www.ausolan.com\/gl\/actualidade\/platano-de-canarias-y-ausolan-se-alian-para-llevar-producto-de-cercania-a-los-comedores-escolares\/","name":"Pl\u00e1tano de Canarias y Ausolan se al\u00edan para llevar producto de cercan\u00eda a los comedores escolares | Ausolan","isPartOf":{"@id":"https:\/\/www.ausolan.com\/gl\/#website"},"primaryImageOfPage":{"@id":"https:\/\/www.ausolan.com\/gl\/actualidade\/platano-de-canarias-y-ausolan-se-alian-para-llevar-producto-de-cercania-a-los-comedores-escolares\/#primaryimage"},"image":{"@id":"https:\/\/www.ausolan.com\/gl\/actualidade\/platano-de-canarias-y-ausolan-se-alian-para-llevar-producto-de-cercania-a-los-comedores-escolares\/#primaryimage"},"thumbnailUrl":"\/wp-content\/uploads\/2024\/05\/NP-Platano-de-canarias.jpg","datePublished":"2023-11-21T13:52:00+00:00","dateModified":"2024-05-27T08:01:21+00:00","author":{"@id":"https:\/\/www.ausolan.com\/gl\/#\/schema\/person\/569b7059e96c50f7ad76b6c44b5e3015"},"breadcrumb":{"@id":"https:\/\/www.ausolan.com\/gl\/actualidade\/platano-de-canarias-y-ausolan-se-alian-para-llevar-producto-de-cercania-a-los-comedores-escolares\/#breadcrumb"},"inLanguage":"gl-ES","potentialAction":[{"@type":"ReadAction","target":["https:\/\/www.ausolan.com\/gl\/actualidade\/platano-de-canarias-y-ausolan-se-alian-para-llevar-producto-de-cercania-a-los-comedores-escolares\/"]}]},{"@type":"ImageObject","inLanguage":"gl-ES","@id":"https:\/\/www.ausolan.com\/gl\/actualidade\/platano-de-canarias-y-ausolan-se-alian-para-llevar-producto-de-cercania-a-los-comedores-escolares\/#primaryimage","url":"\/wp-content\/uploads\/2024\/05\/NP-Platano-de-canarias.jpg","contentUrl":"\/wp-content\/uploads\/2024\/05\/NP-Platano-de-canarias.jpg","width":718,"height":457},{"@type":"BreadcrumbList","@id":"https:\/\/www.ausolan.com\/gl\/actualidade\/platano-de-canarias-y-ausolan-se-alian-para-llevar-producto-de-cercania-a-los-comedores-escolares\/#breadcrumb","itemListElement":[{"@type":"ListItem","position":1,"name":"Portada","item":"https:\/\/www.ausolan.com\/gl\/"},{"@type":"ListItem","position":2,"name":"Pl\u00e1tano de Canarias y Ausolan se al\u00edan para llevar producto de cercan\u00eda a los comedores escolares"}]},{"@type":"WebSite","@id":"https:\/\/www.ausolan.com\/gl\/#website","url":"https:\/\/www.ausolan.com\/gl\/","name":"Ausolan","description":"Restauraci\u00f3n e limpeza colectiva","potentialAction":[{"@type":"SearchAction","target":{"@type":"EntryPoint","urlTemplate":"https:\/\/www.ausolan.com\/gl\/?s={search_term_string}"},"query-input":{"@type":"PropertyValueSpecification","valueRequired":true,"valueName":"search_term_string"}}],"inLanguage":"gl-ES"},{"@type":"Person","@id":"https:\/\/www.ausolan.com\/gl\/#\/schema\/person\/569b7059e96c50f7ad76b6c44b5e3015","name":"ausolan","image":{"@type":"ImageObject","inLanguage":"gl-ES","@id":"https:\/\/www.ausolan.com\/gl\/#\/schema\/person\/image\/","url":"https:\/\/secure.gravatar.com\/avatar\/90cdb1518b5f37dba0ba233a32cd632e?s=96&d=mm&r=g","contentUrl":"https:\/\/secure.gravatar.com\/avatar\/90cdb1518b5f37dba0ba233a32cd632e?s=96&d=mm&r=g","caption":"ausolan"},"sameAs":["https:\/\/www.ausolan.com"],"url":"https:\/\/www.ausolan.com\/gl\/author\/ausolan\/"}]}},"_links":{"self":[{"href":"https:\/\/www.ausolan.com\/gl\/wp-json\/wp\/v2\/posts\/2902","targetHints":{"allow":["GET"]}}],"collection":[{"href":"https:\/\/www.ausolan.com\/gl\/wp-json\/wp\/v2\/posts"}],"about":[{"href":"https:\/\/www.ausolan.com\/gl\/wp-json\/wp\/v2\/types\/post"}],"author":[{"embeddable":true,"href":"https:\/\/www.ausolan.com\/gl\/wp-json\/wp\/v2\/users\/1"}],"replies":[{"embeddable":true,"href":"https:\/\/www.ausolan.com\/gl\/wp-json\/wp\/v2\/comments?post=2902"}],"version-history":[{"count":0,"href":"https:\/\/www.ausolan.com\/gl\/wp-json\/wp\/v2\/posts\/2902\/revisions"}],"wp:featuredmedia":[{"embeddable":true,"href":"https:\/\/www.ausolan.com\/gl\/wp-json\/wp\/v2\/media\/2899"}],"wp:attachment":[{"href":"https:\/\/www.ausolan.com\/gl\/wp-json\/wp\/v2\/media?parent=2902"}],"wp:term":[{"taxonomy":"category","embeddable":true,"href":"https:\/\/www.ausolan.com\/gl\/wp-json\/wp\/v2\/categories?post=2902"},{"taxonomy":"post_tag","embeddable":true,"href":"https:\/\/www.ausolan.com\/gl\/wp-json\/wp\/v2\/tags?post=2902"}],"curies":[{"name":"wp","href":"https:\/\/api.w.org\/{rel}","templated":true}]}}