{"id":3359,"date":"2025-03-06T16:24:18","date_gmt":"2025-03-06T15:24:18","guid":{"rendered":"https:\/\/www.ausolan.com\/la-fundacion-secretariado-gitano-y-fundacion-ausolan-firman-su-primer-convenio-nacional-para-mejorar-la-empleabilidad-de-las-personas-gitanas\/"},"modified":"2025-03-28T11:07:09","modified_gmt":"2025-03-28T10:07:09","slug":"la-fundacion-secretariado-gitano-y-fundacion-ausolan-firman-su-primer-convenio-nacional-para-mejorar-la-empleabilidad-de-las-personas-gitanas","status":"publish","type":"post","link":"https:\/\/www.ausolan.com\/eu\/gaurkotasuna\/la-fundacion-secretariado-gitano-y-fundacion-ausolan-firman-su-primer-convenio-nacional-para-mejorar-la-empleabilidad-de-las-personas-gitanas\/","title":{"rendered":"Secretariado Gitano Fundazioak eta Ausolan Fundazioak herrialde mailako lehen hitzarmena sinatu dute ijitoen enplegagarritasuna hobetzeko"},"content":{"rendered":"\n<p><\/p>\n\n\n\n<p><strong>Secretariado Gitano Fundazioak<\/strong>&nbsp;eta&nbsp;<strong>Ausolan Fundazioak<\/strong>&nbsp;herrialde mailako lankidetza-hitzarmen bat sinatu dute gaur Madrilen, bi erakundeek lan-inklusioarekiko duten konpromisoa sendotzeko eta talde sozial zaurgarrienen aukerak hobetzeko.<\/p>\n\n\n\n<p>Hitzarmena Secretariado Gitano Fundazioaren egoitza sozialean sinatu dute erakunde horretako <strong>zuzendari nagusi<\/strong> <strong>Sara Gim\u00e9nezek<\/strong> eta <strong>Ausolan Fundazioko presidente<\/strong> <strong>Mar\u00eda Mar\u00ednek<\/strong>. Itun horrek erakundeen arteko lankidetza-bide berriak irekitzea ahalbidetuko du eta, hala, aukera emango du enplegu duina lortzeko prozesua hobeto koordinatzeko eta eraginkorrago bihurtzeko lurralde osoko ijitoentzat.<\/p>\n\n\n\n<p>2016etik hona bi erakundeek Euskadin eta Nafarroan egindako elkarlanaren sendogarri da hitzarmena, zeina estatu mailara zabaltzen ari baiten orain. Hitzarmenaren helburu nagusia da zaurgarritasun egoeran dauden pertsonen laneratzea hobetzea, bereziki gazte ijitoena, lan-ingurune inklusiboak sustatzea eta gizartea enplegu-aniztasunaren garrantziaren inguruan sentsibilizatzea.<\/p>\n\n\n\n<p>Ausolan 17 emakumeren lankidetzatik sortu zen, 1969an, gizartearekiko konpromisoa oinarri hartuta eta, beranduago, bertatik jaio zen Ausolan Fundazioa ere.&nbsp;<strong>Mar\u00eda Mar\u00ednek<\/strong>&nbsp;gogora ekarri du nola ematen dion erakundearen sorrerak inspirazioa \u00ab<em>mundu hobe bat sortzeko eta gizartean halako proiektuak ondare gisa uzteko, emakumeen trebakuntza teknikoa eta profesionala hobetzen eta enplegu duina lortzeko aukerak sustatzen dituztenak<\/em>\u201d.<\/p>\n\n\n\n<p><strong>Sara Gim\u00e9nezek<\/strong> konpromisoa hartu duten enpresekin harremanak sendotzearen garrantzia nabarmendu du: \u00ab<em>Ausolanekin dugun lankidetzari esker, 90 pertsona inguru kontratatzea lortu dugu. Elkarlan baliotsu horrek nabarmenki hobetzen du lan egiten dugun pertsonen bizitza<\/em>\u201d.<\/p>\n","protected":false},"excerpt":{"rendered":"<p>Secretariado Gitano Fundazioak&nbsp;eta&nbsp;Ausolan Fundazioak&nbsp;herrialde mailako lankidetza-hitzarmen bat sinatu dute gaur Madrilen, bi erakundeek lan-inklusioarekiko duten konpromisoa sendotzeko eta talde sozial zaurgarrienen aukerak hobetzeko. Hitzarmena Secretariado Gitano Fundazioaren egoitza sozialean sinatu dute erakunde horretako zuzendari nagusi Sara Gim\u00e9nezek eta Ausolan Fundazioko presidente Mar\u00eda Mar\u00ednek. Itun horrek erakundeen arteko lankidetza-bide berriak irekitzea ahalbidetuko du eta, hala, aukera [&hellip;]<\/p>\n","protected":false},"author":1,"featured_media":3326,"comment_status":"closed","ping_status":"closed","sticky":false,"template":"","format":"standard","meta":{"_acf_changed":false,"footnotes":""},"categories":[76,79],"tags":[],"class_list":["post-3359","post","type-post","status-publish","format-standard","has-post-thumbnail","hentry","category-konpromisoa","category-korporatiboa"],"acf":[],"yoast_head":"<!-- This site is optimized with the Yoast SEO plugin v24.8.1 - https:\/\/yoast.com\/wordpress\/plugins\/seo\/ -->\n<title>Secretariado Gitano Fundazioak eta Ausolan Fundazioak herrialde mailako lehen hitzarmena sinatu dute ijitoen enplegagarritasuna hobetzeko | Ausolan<\/title>\n<meta name=\"robots\" content=\"index, follow, max-snippet:-1, max-image-preview:large, max-video-preview:-1\" \/>\n<link rel=\"canonical\" href=\"https:\/\/www.ausolan.com\/eu\/gaurkotasuna\/la-fundacion-secretariado-gitano-y-fundacion-ausolan-firman-su-primer-convenio-nacional-para-mejorar-la-empleabilidad-de-las-personas-gitanas\/\" \/>\n<meta property=\"og:locale\" content=\"eu_ES\" \/>\n<meta property=\"og:type\" content=\"article\" \/>\n<meta property=\"og:title\" content=\"Secretariado Gitano Fundazioak eta Ausolan Fundazioak herrialde mailako lehen hitzarmena sinatu dute ijitoen enplegagarritasuna hobetzeko | Ausolan\" \/>\n<meta property=\"og:description\" content=\"Secretariado Gitano Fundazioak&nbsp;eta&nbsp;Ausolan Fundazioak&nbsp;herrialde mailako lankidetza-hitzarmen bat sinatu dute gaur Madrilen, bi erakundeek lan-inklusioarekiko duten konpromisoa sendotzeko eta talde sozial zaurgarrienen aukerak hobetzeko. Hitzarmena Secretariado Gitano Fundazioaren egoitza sozialean sinatu dute erakunde horretako zuzendari nagusi Sara Gim\u00e9nezek eta Ausolan Fundazioko presidente Mar\u00eda Mar\u00ednek. Itun horrek erakundeen arteko lankidetza-bide berriak irekitzea ahalbidetuko du eta, hala, aukera [&hellip;]\" \/>\n<meta property=\"og:url\" content=\"https:\/\/www.ausolan.com\/eu\/gaurkotasuna\/la-fundacion-secretariado-gitano-y-fundacion-ausolan-firman-su-primer-convenio-nacional-para-mejorar-la-empleabilidad-de-las-personas-gitanas\/\" \/>\n<meta property=\"og:site_name\" content=\"Ausolan\" \/>\n<meta property=\"article:published_time\" content=\"2025-03-06T15:24:18+00:00\" \/>\n<meta property=\"article:modified_time\" content=\"2025-03-28T10:07:09+00:00\" \/>\n<meta property=\"og:image\" content=\"https:\/\/www.ausolan.com\/wp-content\/uploads\/2025\/03\/Secretariado-Pueblo-Gitano-0-scaled.jpg\" \/>\n\t<meta property=\"og:image:width\" content=\"2560\" \/>\n\t<meta property=\"og:image:height\" content=\"1711\" \/>\n\t<meta property=\"og:image:type\" content=\"image\/jpeg\" \/>\n<meta name=\"author\" content=\"ausolan\" \/>\n<meta name=\"twitter:card\" content=\"summary_large_image\" \/>\n<meta name=\"twitter:label1\" content=\"Written by\" \/>\n\t<meta name=\"twitter:data1\" content=\"ausolan\" \/>\n\t<meta name=\"twitter:label2\" content=\"Est. reading time\" \/>\n\t<meta name=\"twitter:data2\" content=\"2 minutes\" \/>\n<script type=\"application\/ld+json\" class=\"yoast-schema-graph\">{\"@context\":\"https:\/\/schema.org\",\"@graph\":[{\"@type\":\"WebPage\",\"@id\":\"https:\/\/www.ausolan.com\/eu\/gaurkotasuna\/la-fundacion-secretariado-gitano-y-fundacion-ausolan-firman-su-primer-convenio-nacional-para-mejorar-la-empleabilidad-de-las-personas-gitanas\/\",\"url\":\"https:\/\/www.ausolan.com\/eu\/gaurkotasuna\/la-fundacion-secretariado-gitano-y-fundacion-ausolan-firman-su-primer-convenio-nacional-para-mejorar-la-empleabilidad-de-las-personas-gitanas\/\",\"name\":\"Secretariado Gitano Fundazioak eta Ausolan Fundazioak herrialde mailako lehen hitzarmena sinatu dute ijitoen enplegagarritasuna hobetzeko | Ausolan\",\"isPartOf\":{\"@id\":\"https:\/\/www.ausolan.com\/eu\/#website\"},\"primaryImageOfPage\":{\"@id\":\"https:\/\/www.ausolan.com\/eu\/gaurkotasuna\/la-fundacion-secretariado-gitano-y-fundacion-ausolan-firman-su-primer-convenio-nacional-para-mejorar-la-empleabilidad-de-las-personas-gitanas\/#primaryimage\"},\"image\":{\"@id\":\"https:\/\/www.ausolan.com\/eu\/gaurkotasuna\/la-fundacion-secretariado-gitano-y-fundacion-ausolan-firman-su-primer-convenio-nacional-para-mejorar-la-empleabilidad-de-las-personas-gitanas\/#primaryimage\"},\"thumbnailUrl\":\"\/wp-content\/uploads\/2025\/03\/Secretariado-Pueblo-Gitano-0-scaled.jpg\",\"datePublished\":\"2025-03-06T15:24:18+00:00\",\"dateModified\":\"2025-03-28T10:07:09+00:00\",\"author\":{\"@id\":\"https:\/\/www.ausolan.com\/eu\/#\/schema\/person\/569b7059e96c50f7ad76b6c44b5e3015\"},\"breadcrumb\":{\"@id\":\"https:\/\/www.ausolan.com\/eu\/gaurkotasuna\/la-fundacion-secretariado-gitano-y-fundacion-ausolan-firman-su-primer-convenio-nacional-para-mejorar-la-empleabilidad-de-las-personas-gitanas\/#breadcrumb\"},\"inLanguage\":\"eu-ES\",\"potentialAction\":[{\"@type\":\"ReadAction\",\"target\":[\"https:\/\/www.ausolan.com\/eu\/gaurkotasuna\/la-fundacion-secretariado-gitano-y-fundacion-ausolan-firman-su-primer-convenio-nacional-para-mejorar-la-empleabilidad-de-las-personas-gitanas\/\"]}]},{\"@type\":\"ImageObject\",\"inLanguage\":\"eu-ES\",\"@id\":\"https:\/\/www.ausolan.com\/eu\/gaurkotasuna\/la-fundacion-secretariado-gitano-y-fundacion-ausolan-firman-su-primer-convenio-nacional-para-mejorar-la-empleabilidad-de-las-personas-gitanas\/#primaryimage\",\"url\":\"\/wp-content\/uploads\/2025\/03\/Secretariado-Pueblo-Gitano-0-scaled.jpg\",\"contentUrl\":\"\/wp-content\/uploads\/2025\/03\/Secretariado-Pueblo-Gitano-0-scaled.jpg\",\"width\":2560,\"height\":1711},{\"@type\":\"BreadcrumbList\",\"@id\":\"https:\/\/www.ausolan.com\/eu\/gaurkotasuna\/la-fundacion-secretariado-gitano-y-fundacion-ausolan-firman-su-primer-convenio-nacional-para-mejorar-la-empleabilidad-de-las-personas-gitanas\/#breadcrumb\",\"itemListElement\":[{\"@type\":\"ListItem\",\"position\":1,\"name\":\"Portada\",\"item\":\"https:\/\/www.ausolan.com\/eu\/\"},{\"@type\":\"ListItem\",\"position\":2,\"name\":\"Secretariado Gitano Fundazioak eta Ausolan Fundazioak herrialde mailako lehen hitzarmena sinatu dute ijitoen enplegagarritasuna hobetzeko\"}]},{\"@type\":\"WebSite\",\"@id\":\"https:\/\/www.ausolan.com\/eu\/#website\",\"url\":\"https:\/\/www.ausolan.com\/eu\/\",\"name\":\"Ausolan\",\"description\":\"Sukaldaritza eta garbiketa kolektiboa\",\"potentialAction\":[{\"@type\":\"SearchAction\",\"target\":{\"@type\":\"EntryPoint\",\"urlTemplate\":\"https:\/\/www.ausolan.com\/eu\/?s={search_term_string}\"},\"query-input\":{\"@type\":\"PropertyValueSpecification\",\"valueRequired\":true,\"valueName\":\"search_term_string\"}}],\"inLanguage\":\"eu-ES\"},{\"@type\":\"Person\",\"@id\":\"https:\/\/www.ausolan.com\/eu\/#\/schema\/person\/569b7059e96c50f7ad76b6c44b5e3015\",\"name\":\"ausolan\",\"image\":{\"@type\":\"ImageObject\",\"inLanguage\":\"eu-ES\",\"@id\":\"https:\/\/www.ausolan.com\/eu\/#\/schema\/person\/image\/\",\"url\":\"https:\/\/secure.gravatar.com\/avatar\/90cdb1518b5f37dba0ba233a32cd632e?s=96&d=mm&r=g\",\"contentUrl\":\"https:\/\/secure.gravatar.com\/avatar\/90cdb1518b5f37dba0ba233a32cd632e?s=96&d=mm&r=g\",\"caption\":\"ausolan\"},\"sameAs\":[\"https:\/\/www.ausolan.com\"],\"url\":\"https:\/\/www.ausolan.com\/eu\/author\/ausolan\/\"}]}<\/script>\n<!-- \/ Yoast SEO plugin. -->","yoast_head_json":{"title":"Secretariado Gitano Fundazioak eta Ausolan Fundazioak herrialde mailako lehen hitzarmena sinatu dute ijitoen enplegagarritasuna hobetzeko | Ausolan","robots":{"index":"index","follow":"follow","max-snippet":"max-snippet:-1","max-image-preview":"max-image-preview:large","max-video-preview":"max-video-preview:-1"},"canonical":"https:\/\/www.ausolan.com\/eu\/gaurkotasuna\/la-fundacion-secretariado-gitano-y-fundacion-ausolan-firman-su-primer-convenio-nacional-para-mejorar-la-empleabilidad-de-las-personas-gitanas\/","og_locale":"eu_ES","og_type":"article","og_title":"Secretariado Gitano Fundazioak eta Ausolan Fundazioak herrialde mailako lehen hitzarmena sinatu dute ijitoen enplegagarritasuna hobetzeko | Ausolan","og_description":"Secretariado Gitano Fundazioak&nbsp;eta&nbsp;Ausolan Fundazioak&nbsp;herrialde mailako lankidetza-hitzarmen bat sinatu dute gaur Madrilen, bi erakundeek lan-inklusioarekiko duten konpromisoa sendotzeko eta talde sozial zaurgarrienen aukerak hobetzeko. Hitzarmena Secretariado Gitano Fundazioaren egoitza sozialean sinatu dute erakunde horretako zuzendari nagusi Sara Gim\u00e9nezek eta Ausolan Fundazioko presidente Mar\u00eda Mar\u00ednek. Itun horrek erakundeen arteko lankidetza-bide berriak irekitzea ahalbidetuko du eta, hala, aukera [&hellip;]","og_url":"https:\/\/www.ausolan.com\/eu\/gaurkotasuna\/la-fundacion-secretariado-gitano-y-fundacion-ausolan-firman-su-primer-convenio-nacional-para-mejorar-la-empleabilidad-de-las-personas-gitanas\/","og_site_name":"Ausolan","article_published_time":"2025-03-06T15:24:18+00:00","article_modified_time":"2025-03-28T10:07:09+00:00","og_image":[{"width":2560,"height":1711,"url":"https:\/\/www.ausolan.com\/wp-content\/uploads\/2025\/03\/Secretariado-Pueblo-Gitano-0-scaled.jpg","type":"image\/jpeg"}],"author":"ausolan","twitter_card":"summary_large_image","twitter_misc":{"Written by":"ausolan","Est. reading time":"2 minutes"},"schema":{"@context":"https:\/\/schema.org","@graph":[{"@type":"WebPage","@id":"https:\/\/www.ausolan.com\/eu\/gaurkotasuna\/la-fundacion-secretariado-gitano-y-fundacion-ausolan-firman-su-primer-convenio-nacional-para-mejorar-la-empleabilidad-de-las-personas-gitanas\/","url":"https:\/\/www.ausolan.com\/eu\/gaurkotasuna\/la-fundacion-secretariado-gitano-y-fundacion-ausolan-firman-su-primer-convenio-nacional-para-mejorar-la-empleabilidad-de-las-personas-gitanas\/","name":"Secretariado Gitano Fundazioak eta Ausolan Fundazioak herrialde mailako lehen hitzarmena sinatu dute ijitoen enplegagarritasuna hobetzeko | Ausolan","isPartOf":{"@id":"https:\/\/www.ausolan.com\/eu\/#website"},"primaryImageOfPage":{"@id":"https:\/\/www.ausolan.com\/eu\/gaurkotasuna\/la-fundacion-secretariado-gitano-y-fundacion-ausolan-firman-su-primer-convenio-nacional-para-mejorar-la-empleabilidad-de-las-personas-gitanas\/#primaryimage"},"image":{"@id":"https:\/\/www.ausolan.com\/eu\/gaurkotasuna\/la-fundacion-secretariado-gitano-y-fundacion-ausolan-firman-su-primer-convenio-nacional-para-mejorar-la-empleabilidad-de-las-personas-gitanas\/#primaryimage"},"thumbnailUrl":"\/wp-content\/uploads\/2025\/03\/Secretariado-Pueblo-Gitano-0-scaled.jpg","datePublished":"2025-03-06T15:24:18+00:00","dateModified":"2025-03-28T10:07:09+00:00","author":{"@id":"https:\/\/www.ausolan.com\/eu\/#\/schema\/person\/569b7059e96c50f7ad76b6c44b5e3015"},"breadcrumb":{"@id":"https:\/\/www.ausolan.com\/eu\/gaurkotasuna\/la-fundacion-secretariado-gitano-y-fundacion-ausolan-firman-su-primer-convenio-nacional-para-mejorar-la-empleabilidad-de-las-personas-gitanas\/#breadcrumb"},"inLanguage":"eu-ES","potentialAction":[{"@type":"ReadAction","target":["https:\/\/www.ausolan.com\/eu\/gaurkotasuna\/la-fundacion-secretariado-gitano-y-fundacion-ausolan-firman-su-primer-convenio-nacional-para-mejorar-la-empleabilidad-de-las-personas-gitanas\/"]}]},{"@type":"ImageObject","inLanguage":"eu-ES","@id":"https:\/\/www.ausolan.com\/eu\/gaurkotasuna\/la-fundacion-secretariado-gitano-y-fundacion-ausolan-firman-su-primer-convenio-nacional-para-mejorar-la-empleabilidad-de-las-personas-gitanas\/#primaryimage","url":"\/wp-content\/uploads\/2025\/03\/Secretariado-Pueblo-Gitano-0-scaled.jpg","contentUrl":"\/wp-content\/uploads\/2025\/03\/Secretariado-Pueblo-Gitano-0-scaled.jpg","width":2560,"height":1711},{"@type":"BreadcrumbList","@id":"https:\/\/www.ausolan.com\/eu\/gaurkotasuna\/la-fundacion-secretariado-gitano-y-fundacion-ausolan-firman-su-primer-convenio-nacional-para-mejorar-la-empleabilidad-de-las-personas-gitanas\/#breadcrumb","itemListElement":[{"@type":"ListItem","position":1,"name":"Portada","item":"https:\/\/www.ausolan.com\/eu\/"},{"@type":"ListItem","position":2,"name":"Secretariado Gitano Fundazioak eta Ausolan Fundazioak herrialde mailako lehen hitzarmena sinatu dute ijitoen enplegagarritasuna hobetzeko"}]},{"@type":"WebSite","@id":"https:\/\/www.ausolan.com\/eu\/#website","url":"https:\/\/www.ausolan.com\/eu\/","name":"Ausolan","description":"Sukaldaritza eta garbiketa kolektiboa","potentialAction":[{"@type":"SearchAction","target":{"@type":"EntryPoint","urlTemplate":"https:\/\/www.ausolan.com\/eu\/?s={search_term_string}"},"query-input":{"@type":"PropertyValueSpecification","valueRequired":true,"valueName":"search_term_string"}}],"inLanguage":"eu-ES"},{"@type":"Person","@id":"https:\/\/www.ausolan.com\/eu\/#\/schema\/person\/569b7059e96c50f7ad76b6c44b5e3015","name":"ausolan","image":{"@type":"ImageObject","inLanguage":"eu-ES","@id":"https:\/\/www.ausolan.com\/eu\/#\/schema\/person\/image\/","url":"https:\/\/secure.gravatar.com\/avatar\/90cdb1518b5f37dba0ba233a32cd632e?s=96&d=mm&r=g","contentUrl":"https:\/\/secure.gravatar.com\/avatar\/90cdb1518b5f37dba0ba233a32cd632e?s=96&d=mm&r=g","caption":"ausolan"},"sameAs":["https:\/\/www.ausolan.com"],"url":"https:\/\/www.ausolan.com\/eu\/author\/ausolan\/"}]}},"_links":{"self":[{"href":"https:\/\/www.ausolan.com\/eu\/wp-json\/wp\/v2\/posts\/3359","targetHints":{"allow":["GET"]}}],"collection":[{"href":"https:\/\/www.ausolan.com\/eu\/wp-json\/wp\/v2\/posts"}],"about":[{"href":"https:\/\/www.ausolan.com\/eu\/wp-json\/wp\/v2\/types\/post"}],"author":[{"embeddable":true,"href":"https:\/\/www.ausolan.com\/eu\/wp-json\/wp\/v2\/users\/1"}],"replies":[{"embeddable":true,"href":"https:\/\/www.ausolan.com\/eu\/wp-json\/wp\/v2\/comments?post=3359"}],"version-history":[{"count":0,"href":"https:\/\/www.ausolan.com\/eu\/wp-json\/wp\/v2\/posts\/3359\/revisions"}],"wp:featuredmedia":[{"embeddable":true,"href":"https:\/\/www.ausolan.com\/eu\/wp-json\/wp\/v2\/media\/3326"}],"wp:attachment":[{"href":"https:\/\/www.ausolan.com\/eu\/wp-json\/wp\/v2\/media?parent=3359"}],"wp:term":[{"taxonomy":"category","embeddable":true,"href":"https:\/\/www.ausolan.com\/eu\/wp-json\/wp\/v2\/categories?post=3359"},{"taxonomy":"post_tag","embeddable":true,"href":"https:\/\/www.ausolan.com\/eu\/wp-json\/wp\/v2\/tags?post=3359"}],"curies":[{"name":"wp","href":"https:\/\/api.w.org\/{rel}","templated":true}]}}