{"id":3705,"date":"2025-10-06T09:31:48","date_gmt":"2025-10-06T07:31:48","guid":{"rendered":"https:\/\/www.ausolan.com\/ausolan-y-platano-de-canarias-renuevan-su-alianza-para-fomentar-la-fruta-producida-en-espana-en-los-comedores-escolares\/"},"modified":"2025-10-06T09:41:52","modified_gmt":"2025-10-06T07:41:52","slug":"ausolan-y-platano-de-canarias-renuevan-su-alianza-para-fomentar-la-fruta-producida-en-espana-en-los-comedores-escolares","status":"publish","type":"post","link":"https:\/\/www.ausolan.com\/en\/actualidad\/ausolan-y-platano-de-canarias-renuevan-su-alianza-para-fomentar-la-fruta-producida-en-espana-en-los-comedores-escolares\/","title":{"rendered":"Ausolan y Pl\u00e1tano de Canarias renuevan su alianza para fomentar la fruta producida en Espa\u00f1a en los comedores escolares"},"content":{"rendered":"\n<ul class=\"wp-block-list\">\n<li><strong>El acuerdo garantiza la continuidad en el suministro semanal de Pl\u00e1tano de Canarias IGP a m\u00e1s de 1.700 centros educativos, en lugar del sustitutivo de importaci\u00f3n<\/strong><\/li>\n\n\n\n<li><strong>Como parte de su Proyecto Educativo, Ausolan desarrolla la campa\u00f1a \u201cAct\u00edvate con Pl\u00e1tano de Canarias\u201d, destinada a fomentar la actividad f\u00edsica y los h\u00e1bitos de vida saludables entre m\u00e1s de 5.000 escolares de 60 centros de comedor en distintas comunidades.<\/strong><\/li>\n<\/ul>\n\n\n\n<figure class=\"wp-block-image size-full\"><img decoding=\"async\" width=\"1017\" height=\"630\" data-src=\"\/wp-content\/uploads\/2025\/10\/Platano.jpg\" alt=\"\" class=\"wp-image-3698 lazyload\" data-srcset=\"\/wp-content\/uploads\/2025\/10\/Platano.jpg 1017w, \/wp-content\/uploads\/2025\/10\/Platano-300x186.jpg 300w, \/wp-content\/uploads\/2025\/10\/Platano-768x476.jpg 768w, \/wp-content\/uploads\/2025\/10\/Platano-450x279.jpg 450w, \/wp-content\/uploads\/2025\/10\/Platano-900x558.jpg 900w, \/wp-content\/uploads\/2025\/10\/Platano-992x615.jpg 992w\" data-sizes=\"(max-width: 1017px) 100vw, 1017px\" src=\"data:image\/gif;base64,R0lGODlhAQABAAAAACH5BAEKAAEALAAAAAABAAEAAAICTAEAOw==\" style=\"--smush-placeholder-width: 1017px; --smush-placeholder-aspect-ratio: 1017\/630;\" \/><\/figure>\n\n\n\n<p>Pl\u00e1tano de Canarias y Ausolan han renovado, un a\u00f1o m\u00e1s, su compromiso con la promoci\u00f3n de la alimentaci\u00f3n saludable y el consumo de fruta de origen nacional en los entornos escolares.<\/p>\n\n\n\n<p>As\u00ed, durante el curso 2025-2026, m\u00e1s de 1.700 centros contar\u00e1n, semanalmente, con Pl\u00e1tano de Canarias IGP en su men\u00fa de mediod\u00eda. Un producto con est\u00e1ndares europeos de responsabilidad social, sostenibilidad y calidad que, gracias a su sabor, mejora la aceptaci\u00f3n de los menores a la fruta.<\/p>\n\n\n\n<p>Tal y como ha se\u00f1alado <strong>Mikel Olarte<\/strong>, <strong>director de marketing<\/strong> de <strong>Ausolan<\/strong>, \u201c<em>entendemos el comedor como una extensi\u00f3n de la educaci\u00f3n que reciben en casa y en el aula. Con iniciativas como esta, ayudamos a que los m\u00e1s peque\u00f1os aprendan a valorar la fruta, su origen y el esfuerzo que hay detr\u00e1s de cada alimento.\u201d<\/em><\/p>\n\n\n\n<p>Por su parte, <strong>Sergio C\u00e1ceres<\/strong>, <strong>gerente y director de marketing de ASPROCAN<\/strong>, ha se\u00f1alado que \u201c<em>para nosotros, es fundamental que los ni\u00f1os y ni\u00f1as tengan acceso a Pl\u00e1tano de Canarias en todos los \u00e1mbitos de su vida cotidiana, tambi\u00e9n en el escolar. <\/em>Esta alianza<em> \u201cnos permite avanzar en ese objetivo, y hacerlo de la mano de empresas que comparten nuestro compromiso con la alimentaci\u00f3n saludable y con la promoci\u00f3n de productos que aportan un valor a\u00f1adido en seguridad y valores<\/em>\u201d a\u00f1ade.<\/p>\n\n\n\n<p>Esta iniciativa se logra gracias a la implicaci\u00f3n de la Asociaci\u00f3n de Organizaciones de Productores de Pl\u00e1tano de Canarias (ASPROCAN) y la colaboraci\u00f3n de empresas de maduraci\u00f3n de pl\u00e1tano como Frutas Iru-Eurobanan, Mercamusa y Hermanos Fern\u00e1ndez L\u00f3pez, que aseguran la log\u00edstica, estabilidad, y calidad del producto en destino.<\/p>\n\n\n\n<p><strong>Act\u00edvate con Pl\u00e1tano de Canarias<\/strong><\/p>\n\n\n\n<p>Adem\u00e1s, en el marco del Proyecto Educativo de Ausolan, alumnos de entre 8 y 12 a\u00f1os de m\u00e1s de 60 colegios de Madrid, Pa\u00eds Vasco, Navarra y Asturias participar\u00e1n en la campa\u00f1a \u201cAct\u00edvate con Pl\u00e1tano de Canarias\u201d con actividades f\u00edsicas en los patios escolares durante el mediod\u00eda, promoviendo h\u00e1bitos saludables y el consumo de frutas.<\/p>\n","protected":false},"excerpt":{"rendered":"<p>Pl\u00e1tano de Canarias y Ausolan han renovado, un a\u00f1o m\u00e1s, su compromiso con la promoci\u00f3n de la alimentaci\u00f3n saludable y el consumo de fruta de origen nacional en los entornos escolares. As\u00ed, durante el curso 2025-2026, m\u00e1s de 1.700 centros contar\u00e1n, semanalmente, con Pl\u00e1tano de Canarias IGP en su men\u00fa de mediod\u00eda. Un producto con [&hellip;]<\/p>\n","protected":false},"author":1,"featured_media":3701,"comment_status":"closed","ping_status":"closed","sticky":false,"template":"","format":"standard","meta":{"_acf_changed":false,"footnotes":""},"categories":[169,170],"tags":[],"class_list":["post-3705","post","type-post","status-publish","format-standard","has-post-thumbnail","hentry","category-compromiso-en","category-dia-a-dia-en"],"acf":[],"yoast_head":"<!-- This site is optimized with the Yoast SEO plugin v24.8.1 - https:\/\/yoast.com\/wordpress\/plugins\/seo\/ -->\n<title>Ausolan y Pl\u00e1tano de Canarias renuevan su alianza para fomentar la fruta producida en Espa\u00f1a en los comedores escolares | Ausolan<\/title>\n<meta name=\"robots\" content=\"index, follow, max-snippet:-1, max-image-preview:large, max-video-preview:-1\" \/>\n<link rel=\"canonical\" href=\"https:\/\/www.ausolan.com\/en\/actualidad\/ausolan-y-platano-de-canarias-renuevan-su-alianza-para-fomentar-la-fruta-producida-en-espana-en-los-comedores-escolares\/\" \/>\n<meta property=\"og:locale\" content=\"en_US\" \/>\n<meta property=\"og:type\" content=\"article\" \/>\n<meta property=\"og:title\" content=\"Ausolan y Pl\u00e1tano de Canarias renuevan su alianza para fomentar la fruta producida en Espa\u00f1a en los comedores escolares | Ausolan\" \/>\n<meta property=\"og:description\" content=\"Pl\u00e1tano de Canarias y Ausolan han renovado, un a\u00f1o m\u00e1s, su compromiso con la promoci\u00f3n de la alimentaci\u00f3n saludable y el consumo de fruta de origen nacional en los entornos escolares. As\u00ed, durante el curso 2025-2026, m\u00e1s de 1.700 centros contar\u00e1n, semanalmente, con Pl\u00e1tano de Canarias IGP en su men\u00fa de mediod\u00eda. Un producto con [&hellip;]\" \/>\n<meta property=\"og:url\" content=\"https:\/\/www.ausolan.com\/en\/actualidad\/ausolan-y-platano-de-canarias-renuevan-su-alianza-para-fomentar-la-fruta-producida-en-espana-en-los-comedores-escolares\/\" \/>\n<meta property=\"og:site_name\" content=\"Ausolan\" \/>\n<meta property=\"article:published_time\" content=\"2025-10-06T07:31:48+00:00\" \/>\n<meta property=\"article:modified_time\" content=\"2025-10-06T07:41:52+00:00\" \/>\n<meta property=\"og:image\" content=\"https:\/\/www.ausolan.com\/wp-content\/uploads\/2025\/10\/Platano.jpg\" \/>\n\t<meta property=\"og:image:width\" content=\"1017\" \/>\n\t<meta property=\"og:image:height\" content=\"630\" \/>\n\t<meta property=\"og:image:type\" content=\"image\/jpeg\" \/>\n<meta name=\"author\" content=\"ausolan\" \/>\n<meta name=\"twitter:card\" content=\"summary_large_image\" \/>\n<meta name=\"twitter:label1\" content=\"Written by\" \/>\n\t<meta name=\"twitter:data1\" content=\"ausolan\" \/>\n\t<meta name=\"twitter:label2\" content=\"Est. reading time\" \/>\n\t<meta name=\"twitter:data2\" content=\"2 minutes\" \/>\n<script type=\"application\/ld+json\" class=\"yoast-schema-graph\">{\"@context\":\"https:\/\/schema.org\",\"@graph\":[{\"@type\":\"WebPage\",\"@id\":\"https:\/\/www.ausolan.com\/en\/actualidad\/ausolan-y-platano-de-canarias-renuevan-su-alianza-para-fomentar-la-fruta-producida-en-espana-en-los-comedores-escolares\/\",\"url\":\"https:\/\/www.ausolan.com\/en\/actualidad\/ausolan-y-platano-de-canarias-renuevan-su-alianza-para-fomentar-la-fruta-producida-en-espana-en-los-comedores-escolares\/\",\"name\":\"Ausolan y Pl\u00e1tano de Canarias renuevan su alianza para fomentar la fruta producida en Espa\u00f1a en los comedores escolares | Ausolan\",\"isPartOf\":{\"@id\":\"https:\/\/www.ausolan.com\/en\/#website\"},\"primaryImageOfPage\":{\"@id\":\"https:\/\/www.ausolan.com\/en\/actualidad\/ausolan-y-platano-de-canarias-renuevan-su-alianza-para-fomentar-la-fruta-producida-en-espana-en-los-comedores-escolares\/#primaryimage\"},\"image\":{\"@id\":\"https:\/\/www.ausolan.com\/en\/actualidad\/ausolan-y-platano-de-canarias-renuevan-su-alianza-para-fomentar-la-fruta-producida-en-espana-en-los-comedores-escolares\/#primaryimage\"},\"thumbnailUrl\":\"\/wp-content\/uploads\/2025\/10\/Platano.jpg\",\"datePublished\":\"2025-10-06T07:31:48+00:00\",\"dateModified\":\"2025-10-06T07:41:52+00:00\",\"author\":{\"@id\":\"https:\/\/www.ausolan.com\/en\/#\/schema\/person\/569b7059e96c50f7ad76b6c44b5e3015\"},\"breadcrumb\":{\"@id\":\"https:\/\/www.ausolan.com\/en\/actualidad\/ausolan-y-platano-de-canarias-renuevan-su-alianza-para-fomentar-la-fruta-producida-en-espana-en-los-comedores-escolares\/#breadcrumb\"},\"inLanguage\":\"en-US\",\"potentialAction\":[{\"@type\":\"ReadAction\",\"target\":[\"https:\/\/www.ausolan.com\/en\/actualidad\/ausolan-y-platano-de-canarias-renuevan-su-alianza-para-fomentar-la-fruta-producida-en-espana-en-los-comedores-escolares\/\"]}]},{\"@type\":\"ImageObject\",\"inLanguage\":\"en-US\",\"@id\":\"https:\/\/www.ausolan.com\/en\/actualidad\/ausolan-y-platano-de-canarias-renuevan-su-alianza-para-fomentar-la-fruta-producida-en-espana-en-los-comedores-escolares\/#primaryimage\",\"url\":\"\/wp-content\/uploads\/2025\/10\/Platano.jpg\",\"contentUrl\":\"\/wp-content\/uploads\/2025\/10\/Platano.jpg\",\"width\":1017,\"height\":630},{\"@type\":\"BreadcrumbList\",\"@id\":\"https:\/\/www.ausolan.com\/en\/actualidad\/ausolan-y-platano-de-canarias-renuevan-su-alianza-para-fomentar-la-fruta-producida-en-espana-en-los-comedores-escolares\/#breadcrumb\",\"itemListElement\":[{\"@type\":\"ListItem\",\"position\":1,\"name\":\"Portada\",\"item\":\"https:\/\/www.ausolan.com\/\"},{\"@type\":\"ListItem\",\"position\":2,\"name\":\"Ausolan y Pl\u00e1tano de Canarias renuevan su alianza para fomentar la fruta producida en Espa\u00f1a en los comedores escolares\"}]},{\"@type\":\"WebSite\",\"@id\":\"https:\/\/www.ausolan.com\/en\/#website\",\"url\":\"https:\/\/www.ausolan.com\/en\/\",\"name\":\"Ausolan\",\"description\":\"Restauraci\u00f3n colectiva y limpieza\",\"potentialAction\":[{\"@type\":\"SearchAction\",\"target\":{\"@type\":\"EntryPoint\",\"urlTemplate\":\"https:\/\/www.ausolan.com\/en\/?s={search_term_string}\"},\"query-input\":{\"@type\":\"PropertyValueSpecification\",\"valueRequired\":true,\"valueName\":\"search_term_string\"}}],\"inLanguage\":\"en-US\"},{\"@type\":\"Person\",\"@id\":\"https:\/\/www.ausolan.com\/en\/#\/schema\/person\/569b7059e96c50f7ad76b6c44b5e3015\",\"name\":\"ausolan\",\"image\":{\"@type\":\"ImageObject\",\"inLanguage\":\"en-US\",\"@id\":\"https:\/\/www.ausolan.com\/en\/#\/schema\/person\/image\/\",\"url\":\"https:\/\/secure.gravatar.com\/avatar\/90cdb1518b5f37dba0ba233a32cd632e?s=96&d=mm&r=g\",\"contentUrl\":\"https:\/\/secure.gravatar.com\/avatar\/90cdb1518b5f37dba0ba233a32cd632e?s=96&d=mm&r=g\",\"caption\":\"ausolan\"},\"sameAs\":[\"https:\/\/www.ausolan.com\"],\"url\":\"https:\/\/www.ausolan.com\/en\/author\/ausolan\/\"}]}<\/script>\n<!-- \/ Yoast SEO plugin. -->","yoast_head_json":{"title":"Ausolan y Pl\u00e1tano de Canarias renuevan su alianza para fomentar la fruta producida en Espa\u00f1a en los comedores escolares | Ausolan","robots":{"index":"index","follow":"follow","max-snippet":"max-snippet:-1","max-image-preview":"max-image-preview:large","max-video-preview":"max-video-preview:-1"},"canonical":"https:\/\/www.ausolan.com\/en\/actualidad\/ausolan-y-platano-de-canarias-renuevan-su-alianza-para-fomentar-la-fruta-producida-en-espana-en-los-comedores-escolares\/","og_locale":"en_US","og_type":"article","og_title":"Ausolan y Pl\u00e1tano de Canarias renuevan su alianza para fomentar la fruta producida en Espa\u00f1a en los comedores escolares | Ausolan","og_description":"Pl\u00e1tano de Canarias y Ausolan han renovado, un a\u00f1o m\u00e1s, su compromiso con la promoci\u00f3n de la alimentaci\u00f3n saludable y el consumo de fruta de origen nacional en los entornos escolares. As\u00ed, durante el curso 2025-2026, m\u00e1s de 1.700 centros contar\u00e1n, semanalmente, con Pl\u00e1tano de Canarias IGP en su men\u00fa de mediod\u00eda. Un producto con [&hellip;]","og_url":"https:\/\/www.ausolan.com\/en\/actualidad\/ausolan-y-platano-de-canarias-renuevan-su-alianza-para-fomentar-la-fruta-producida-en-espana-en-los-comedores-escolares\/","og_site_name":"Ausolan","article_published_time":"2025-10-06T07:31:48+00:00","article_modified_time":"2025-10-06T07:41:52+00:00","og_image":[{"width":1017,"height":630,"url":"https:\/\/www.ausolan.com\/wp-content\/uploads\/2025\/10\/Platano.jpg","type":"image\/jpeg"}],"author":"ausolan","twitter_card":"summary_large_image","twitter_misc":{"Written by":"ausolan","Est. reading time":"2 minutes"},"schema":{"@context":"https:\/\/schema.org","@graph":[{"@type":"WebPage","@id":"https:\/\/www.ausolan.com\/en\/actualidad\/ausolan-y-platano-de-canarias-renuevan-su-alianza-para-fomentar-la-fruta-producida-en-espana-en-los-comedores-escolares\/","url":"https:\/\/www.ausolan.com\/en\/actualidad\/ausolan-y-platano-de-canarias-renuevan-su-alianza-para-fomentar-la-fruta-producida-en-espana-en-los-comedores-escolares\/","name":"Ausolan y Pl\u00e1tano de Canarias renuevan su alianza para fomentar la fruta producida en Espa\u00f1a en los comedores escolares | Ausolan","isPartOf":{"@id":"https:\/\/www.ausolan.com\/en\/#website"},"primaryImageOfPage":{"@id":"https:\/\/www.ausolan.com\/en\/actualidad\/ausolan-y-platano-de-canarias-renuevan-su-alianza-para-fomentar-la-fruta-producida-en-espana-en-los-comedores-escolares\/#primaryimage"},"image":{"@id":"https:\/\/www.ausolan.com\/en\/actualidad\/ausolan-y-platano-de-canarias-renuevan-su-alianza-para-fomentar-la-fruta-producida-en-espana-en-los-comedores-escolares\/#primaryimage"},"thumbnailUrl":"\/wp-content\/uploads\/2025\/10\/Platano.jpg","datePublished":"2025-10-06T07:31:48+00:00","dateModified":"2025-10-06T07:41:52+00:00","author":{"@id":"https:\/\/www.ausolan.com\/en\/#\/schema\/person\/569b7059e96c50f7ad76b6c44b5e3015"},"breadcrumb":{"@id":"https:\/\/www.ausolan.com\/en\/actualidad\/ausolan-y-platano-de-canarias-renuevan-su-alianza-para-fomentar-la-fruta-producida-en-espana-en-los-comedores-escolares\/#breadcrumb"},"inLanguage":"en-US","potentialAction":[{"@type":"ReadAction","target":["https:\/\/www.ausolan.com\/en\/actualidad\/ausolan-y-platano-de-canarias-renuevan-su-alianza-para-fomentar-la-fruta-producida-en-espana-en-los-comedores-escolares\/"]}]},{"@type":"ImageObject","inLanguage":"en-US","@id":"https:\/\/www.ausolan.com\/en\/actualidad\/ausolan-y-platano-de-canarias-renuevan-su-alianza-para-fomentar-la-fruta-producida-en-espana-en-los-comedores-escolares\/#primaryimage","url":"\/wp-content\/uploads\/2025\/10\/Platano.jpg","contentUrl":"\/wp-content\/uploads\/2025\/10\/Platano.jpg","width":1017,"height":630},{"@type":"BreadcrumbList","@id":"https:\/\/www.ausolan.com\/en\/actualidad\/ausolan-y-platano-de-canarias-renuevan-su-alianza-para-fomentar-la-fruta-producida-en-espana-en-los-comedores-escolares\/#breadcrumb","itemListElement":[{"@type":"ListItem","position":1,"name":"Portada","item":"https:\/\/www.ausolan.com\/"},{"@type":"ListItem","position":2,"name":"Ausolan y Pl\u00e1tano de Canarias renuevan su alianza para fomentar la fruta producida en Espa\u00f1a en los comedores escolares"}]},{"@type":"WebSite","@id":"https:\/\/www.ausolan.com\/en\/#website","url":"https:\/\/www.ausolan.com\/en\/","name":"Ausolan","description":"Restauraci\u00f3n colectiva y limpieza","potentialAction":[{"@type":"SearchAction","target":{"@type":"EntryPoint","urlTemplate":"https:\/\/www.ausolan.com\/en\/?s={search_term_string}"},"query-input":{"@type":"PropertyValueSpecification","valueRequired":true,"valueName":"search_term_string"}}],"inLanguage":"en-US"},{"@type":"Person","@id":"https:\/\/www.ausolan.com\/en\/#\/schema\/person\/569b7059e96c50f7ad76b6c44b5e3015","name":"ausolan","image":{"@type":"ImageObject","inLanguage":"en-US","@id":"https:\/\/www.ausolan.com\/en\/#\/schema\/person\/image\/","url":"https:\/\/secure.gravatar.com\/avatar\/90cdb1518b5f37dba0ba233a32cd632e?s=96&d=mm&r=g","contentUrl":"https:\/\/secure.gravatar.com\/avatar\/90cdb1518b5f37dba0ba233a32cd632e?s=96&d=mm&r=g","caption":"ausolan"},"sameAs":["https:\/\/www.ausolan.com"],"url":"https:\/\/www.ausolan.com\/en\/author\/ausolan\/"}]}},"_links":{"self":[{"href":"https:\/\/www.ausolan.com\/en\/wp-json\/wp\/v2\/posts\/3705","targetHints":{"allow":["GET"]}}],"collection":[{"href":"https:\/\/www.ausolan.com\/en\/wp-json\/wp\/v2\/posts"}],"about":[{"href":"https:\/\/www.ausolan.com\/en\/wp-json\/wp\/v2\/types\/post"}],"author":[{"embeddable":true,"href":"https:\/\/www.ausolan.com\/en\/wp-json\/wp\/v2\/users\/1"}],"replies":[{"embeddable":true,"href":"https:\/\/www.ausolan.com\/en\/wp-json\/wp\/v2\/comments?post=3705"}],"version-history":[{"count":0,"href":"https:\/\/www.ausolan.com\/en\/wp-json\/wp\/v2\/posts\/3705\/revisions"}],"wp:featuredmedia":[{"embeddable":true,"href":"https:\/\/www.ausolan.com\/en\/wp-json\/wp\/v2\/media\/3701"}],"wp:attachment":[{"href":"https:\/\/www.ausolan.com\/en\/wp-json\/wp\/v2\/media?parent=3705"}],"wp:term":[{"taxonomy":"category","embeddable":true,"href":"https:\/\/www.ausolan.com\/en\/wp-json\/wp\/v2\/categories?post=3705"},{"taxonomy":"post_tag","embeddable":true,"href":"https:\/\/www.ausolan.com\/en\/wp-json\/wp\/v2\/tags?post=3705"}],"curies":[{"name":"wp","href":"https:\/\/api.w.org\/{rel}","templated":true}]}}