{"id":3985,"date":"2025-12-09T10:44:06","date_gmt":"2025-12-09T09:44:06","guid":{"rendered":"https:\/\/www.ausolan.com\/el-comedor-de-la-escola-sant-cristofor-recibe-la-primera-certificacion-en-cataluna-de-comedor-eco-responsable-de-bureau-veritas\/"},"modified":"2025-12-09T10:54:15","modified_gmt":"2025-12-09T09:54:15","slug":"el-comedor-de-la-escola-sant-cristofor-recibe-la-primera-certificacion-en-cataluna-de-comedor-eco-responsable-de-bureau-veritas","status":"publish","type":"post","link":"https:\/\/www.ausolan.com\/ca\/actualitat\/el-comedor-de-la-escola-sant-cristofor-recibe-la-primera-certificacion-en-cataluna-de-comedor-eco-responsable-de-bureau-veritas\/","title":{"rendered":"El menjador de l\u2019Escola Sant Crist\u00f2for rep la primera certificaci\u00f3 a Catalunya de Menjador Ecoresponsable de Bureau Veritas"},"content":{"rendered":"\n<ul class=\"wp-block-list\">\n<li>Aquest distintiu constitueix un referent de sostenibilitat per a la restauraci\u00f3 a col\u00b7lectivitats.<\/li>\n\n\n\n<li>Un nou model de menjador sostenible, basat en nou pilars, que inclou des de la compra responsable o la prevenci\u00f3 del malbaratament alimentari fins a l\u2019ecomobilitat, l\u2019\u00fas eficient de recursos o la corresponsabilitat.<\/li>\n<\/ul>\n\n\n\n<p>L\u2019empresa de restauraci\u00f3 a col\u00b7lectivitats, <strong>Ausolan<\/strong>, ha obtingut per al menjador de <strong>l\u2019Escola Sant Crist\u00f2for <\/strong>la certificaci\u00f3 de <strong>Menjador Eco\u2011responsable<\/strong> de <strong>Bureau Veritas<\/strong>, despr\u00e9s de superar un proc\u00e9s d\u2019auditoria independent.<\/p>\n\n\n\n<p>Amb aquesta fita, el centre educatiu entra a la xarxa de menjadors que avancen cap a un model m\u00e9s sostenible, saludable i socialment comprom\u00e8s i demostra que la transformaci\u00f3 \u00e9s possible i genera beneficis tangibles per a l\u2019alumnat, les fam\u00edlies i la comunitat educativa.<\/p>\n\n\n\n<p>El model de Menjador Ecoresponsable, aplicable a qualsevol sector d\u2019activitat, <em>\u201cfomenta una alimentaci\u00f3 sostenible i busca l\u2019equilibri entre el creixement econ\u00f2mic, la cura del medi ambient i el benestar social. L\u2019Escola Sant Crist\u00f2for \u00e9s un exemple de com integrar aquesta visi\u00f3 en el dia a dia del menjador escolar\u201d, <\/em>assenyala <strong>Alejandra Quipuzco, t\u00e9cnica de qualitat d\u2019Ausolan.<\/strong><\/p>\n\n\n\n<p>Un model que opera sobre nou pilars que inclouen tot el cicle del servei:<\/p>\n\n\n\n<ul class=\"wp-block-list\">\n<li><strong>Compra responsable: <\/strong>prioritzant productes ambientalment i socialment <strong>responsables.<\/strong><\/li>\n\n\n\n<li><strong>Dieta saludable i sostenible<\/strong>: facilitant un consum d\u2019aliments i de begudes que conformin dietes nutritives, saludables i sostenibles en totes les etapes de la vida.<\/li>\n\n\n\n<li><strong>\u00das eficient de recursos: avan\u00e7ant cap a models energ\u00e8tics i h\u00eddrics m\u00e9s sostenibles.<\/strong><\/li>\n\n\n\n<li><strong>Prevenci\u00f3 del malbaratament alimentari<\/strong>: a fi d\u2019aconseguir una producci\u00f3 i un consum m\u00e9s sostenibles.<\/li>\n\n\n\n<li><strong>Prevenci\u00f3, reutilitzaci\u00f3, reciclatge i valoraci\u00f3 de residus<\/strong>: avan\u00e7ant cap a models de producci\u00f3 circular mitjan\u00e7ant la prevenci\u00f3 i la reducci\u00f3 de residus.<\/li>\n\n\n\n<li><strong>Ecomobilitat: fomentant un transport m\u00e9s sostenible.<\/strong><\/li>\n\n\n\n<li><strong>Educaci\u00f3 sostenible.<\/strong> Creant consci\u00e8ncia dels impactes ambientals i fomentant h\u00e0bits sostenibles a trav\u00e9s de l\u2019educaci\u00f3 i la formaci\u00f3 integral al menjador, integrat en el projecte educatiu del centre.<\/li>\n\n\n\n<li><strong>Corresponsabilitat<\/strong> integral del centre: cap a una sostenibilitat m\u00e9s enll\u00e0 del menjador.<\/li>\n\n\n\n<li><strong>Organitzaci\u00f3 saludable:<\/strong> garantint la salut, la seguretat i el benestar dels treballadors.<\/li>\n<\/ul>\n\n\n\n<p>Les empreses interessades a implantar el Menjador Ecoresponsable estaran acompanyades en tot moment per l\u2019equip d\u2019Ausolan que, <em>\u201camb una planificaci\u00f3 per-fases, oferir\u00e0 assessorament i formaci\u00f3 en aquesta transici\u00f3 cap a un menjador m\u00e9s sostenible\u201d,<\/em> tal com assenyala <strong>Bernat Ravent\u00f3s Cap d\u00b4operacions d\u00b4Ausolan.<\/strong><\/p>\n\n\n\n<p>A m\u00e9s, el model ajudar\u00e0 a complir la legislaci\u00f3 vigent i futura i a obtenir un estalvi econ\u00f2mic a trav\u00e9s d\u2019una efici\u00e8ncia energ\u00e8tica m\u00e9s gran.<\/p>\n\n\n\n<p>La certificaci\u00f3 de Menjador Eco\u2011responsable s\u2019alinea amb els objectius de desenvolupament sostenible de l\u2019ONU, especialment l\u2019ODS 12 (producci\u00f3 i consum responsables), i impulsa la reducci\u00f3 del malbaratament alimentari i una gesti\u00f3 m\u00e9s eficient de recursos. Bureau Veritas, entitat l\u00edder en inspecci\u00f3, certificaci\u00f3 i assajos, acredita mitjan\u00e7ant auditoria el compliment dels requisits del model.<\/p>\n","protected":false},"excerpt":{"rendered":"<p>L\u2019empresa de restauraci\u00f3 a col\u00b7lectivitats, Ausolan, ha obtingut per al menjador de l\u2019Escola Sant Crist\u00f2for la certificaci\u00f3 de Menjador Eco\u2011responsable de Bureau Veritas, despr\u00e9s de superar un proc\u00e9s d\u2019auditoria independent. Amb aquesta fita, el centre educatiu entra a la xarxa de menjadors que avancen cap a un model m\u00e9s sostenible, saludable i socialment comprom\u00e8s i [&hellip;]<\/p>\n","protected":false},"author":1,"featured_media":3981,"comment_status":"closed","ping_status":"closed","sticky":false,"template":"","format":"standard","meta":{"_acf_changed":false,"footnotes":""},"categories":[77,83],"tags":[],"class_list":["post-3985","post","type-post","status-publish","format-standard","has-post-thumbnail","hentry","category-compromis","category-dia-a-dia-ca"],"acf":[],"yoast_head":"<!-- This site is optimized with the Yoast SEO plugin v24.8.1 - https:\/\/yoast.com\/wordpress\/plugins\/seo\/ -->\n<title>El menjador de l\u2019Escola Sant Crist\u00f2for rep la primera certificaci\u00f3 a Catalunya de Menjador Ecoresponsable de Bureau Veritas | Ausolan<\/title>\n<meta name=\"robots\" content=\"index, follow, max-snippet:-1, max-image-preview:large, max-video-preview:-1\" \/>\n<link rel=\"canonical\" href=\"https:\/\/www.ausolan.com\/ca\/actualitat\/el-comedor-de-la-escola-sant-cristofor-recibe-la-primera-certificacion-en-cataluna-de-comedor-eco-responsable-de-bureau-veritas\/\" \/>\n<meta property=\"og:locale\" content=\"ca_ES\" \/>\n<meta property=\"og:type\" content=\"article\" \/>\n<meta property=\"og:title\" content=\"El menjador de l\u2019Escola Sant Crist\u00f2for rep la primera certificaci\u00f3 a Catalunya de Menjador Ecoresponsable de Bureau Veritas | Ausolan\" \/>\n<meta property=\"og:description\" content=\"L\u2019empresa de restauraci\u00f3 a col\u00b7lectivitats, Ausolan, ha obtingut per al menjador de l\u2019Escola Sant Crist\u00f2for la certificaci\u00f3 de Menjador Eco\u2011responsable de Bureau Veritas, despr\u00e9s de superar un proc\u00e9s d\u2019auditoria independent. Amb aquesta fita, el centre educatiu entra a la xarxa de menjadors que avancen cap a un model m\u00e9s sostenible, saludable i socialment comprom\u00e8s i [&hellip;]\" \/>\n<meta property=\"og:url\" content=\"https:\/\/www.ausolan.com\/ca\/actualitat\/el-comedor-de-la-escola-sant-cristofor-recibe-la-primera-certificacion-en-cataluna-de-comedor-eco-responsable-de-bureau-veritas\/\" \/>\n<meta property=\"og:site_name\" content=\"Ausolan\" \/>\n<meta property=\"article:published_time\" content=\"2025-12-09T09:44:06+00:00\" \/>\n<meta property=\"article:modified_time\" content=\"2025-12-09T09:54:15+00:00\" \/>\n<meta property=\"og:image\" content=\"https:\/\/www.ausolan.com\/wp-content\/uploads\/2025\/12\/IMG_7010-scaled.jpeg\" \/>\n\t<meta property=\"og:image:width\" content=\"2560\" \/>\n\t<meta property=\"og:image:height\" content=\"1920\" \/>\n\t<meta property=\"og:image:type\" content=\"image\/jpeg\" \/>\n<meta name=\"author\" content=\"ausolan\" \/>\n<meta name=\"twitter:card\" content=\"summary_large_image\" \/>\n<meta name=\"twitter:label1\" content=\"Escrit per\" \/>\n\t<meta name=\"twitter:data1\" content=\"ausolan\" \/>\n\t<meta name=\"twitter:label2\" content=\"Temps estimat de lectura\" \/>\n\t<meta name=\"twitter:data2\" content=\"3 minuts\" \/>\n<script type=\"application\/ld+json\" class=\"yoast-schema-graph\">{\"@context\":\"https:\/\/schema.org\",\"@graph\":[{\"@type\":\"WebPage\",\"@id\":\"https:\/\/www.ausolan.com\/ca\/actualitat\/el-comedor-de-la-escola-sant-cristofor-recibe-la-primera-certificacion-en-cataluna-de-comedor-eco-responsable-de-bureau-veritas\/\",\"url\":\"https:\/\/www.ausolan.com\/ca\/actualitat\/el-comedor-de-la-escola-sant-cristofor-recibe-la-primera-certificacion-en-cataluna-de-comedor-eco-responsable-de-bureau-veritas\/\",\"name\":\"El menjador de l\u2019Escola Sant Crist\u00f2for rep la primera certificaci\u00f3 a Catalunya de Menjador Ecoresponsable de Bureau Veritas | Ausolan\",\"isPartOf\":{\"@id\":\"https:\/\/www.ausolan.com\/ca\/#website\"},\"primaryImageOfPage\":{\"@id\":\"https:\/\/www.ausolan.com\/ca\/actualitat\/el-comedor-de-la-escola-sant-cristofor-recibe-la-primera-certificacion-en-cataluna-de-comedor-eco-responsable-de-bureau-veritas\/#primaryimage\"},\"image\":{\"@id\":\"https:\/\/www.ausolan.com\/ca\/actualitat\/el-comedor-de-la-escola-sant-cristofor-recibe-la-primera-certificacion-en-cataluna-de-comedor-eco-responsable-de-bureau-veritas\/#primaryimage\"},\"thumbnailUrl\":\"\/wp-content\/uploads\/2025\/12\/IMG_7010-scaled.jpeg\",\"datePublished\":\"2025-12-09T09:44:06+00:00\",\"dateModified\":\"2025-12-09T09:54:15+00:00\",\"author\":{\"@id\":\"https:\/\/www.ausolan.com\/ca\/#\/schema\/person\/569b7059e96c50f7ad76b6c44b5e3015\"},\"breadcrumb\":{\"@id\":\"https:\/\/www.ausolan.com\/ca\/actualitat\/el-comedor-de-la-escola-sant-cristofor-recibe-la-primera-certificacion-en-cataluna-de-comedor-eco-responsable-de-bureau-veritas\/#breadcrumb\"},\"inLanguage\":\"ca\",\"potentialAction\":[{\"@type\":\"ReadAction\",\"target\":[\"https:\/\/www.ausolan.com\/ca\/actualitat\/el-comedor-de-la-escola-sant-cristofor-recibe-la-primera-certificacion-en-cataluna-de-comedor-eco-responsable-de-bureau-veritas\/\"]}]},{\"@type\":\"ImageObject\",\"inLanguage\":\"ca\",\"@id\":\"https:\/\/www.ausolan.com\/ca\/actualitat\/el-comedor-de-la-escola-sant-cristofor-recibe-la-primera-certificacion-en-cataluna-de-comedor-eco-responsable-de-bureau-veritas\/#primaryimage\",\"url\":\"\/wp-content\/uploads\/2025\/12\/IMG_7010-scaled.jpeg\",\"contentUrl\":\"\/wp-content\/uploads\/2025\/12\/IMG_7010-scaled.jpeg\",\"width\":2560,\"height\":1920},{\"@type\":\"BreadcrumbList\",\"@id\":\"https:\/\/www.ausolan.com\/ca\/actualitat\/el-comedor-de-la-escola-sant-cristofor-recibe-la-primera-certificacion-en-cataluna-de-comedor-eco-responsable-de-bureau-veritas\/#breadcrumb\",\"itemListElement\":[{\"@type\":\"ListItem\",\"position\":1,\"name\":\"Portada\",\"item\":\"https:\/\/www.ausolan.com\/ca\/\"},{\"@type\":\"ListItem\",\"position\":2,\"name\":\"El menjador de l\u2019Escola Sant Crist\u00f2for rep la primera certificaci\u00f3 a Catalunya de Menjador Ecoresponsable de Bureau Veritas\"}]},{\"@type\":\"WebSite\",\"@id\":\"https:\/\/www.ausolan.com\/ca\/#website\",\"url\":\"https:\/\/www.ausolan.com\/ca\/\",\"name\":\"Ausolan\",\"description\":\"Restauraci\u00f3 i neteja col\u00b7lectiva\",\"potentialAction\":[{\"@type\":\"SearchAction\",\"target\":{\"@type\":\"EntryPoint\",\"urlTemplate\":\"https:\/\/www.ausolan.com\/ca\/?s={search_term_string}\"},\"query-input\":{\"@type\":\"PropertyValueSpecification\",\"valueRequired\":true,\"valueName\":\"search_term_string\"}}],\"inLanguage\":\"ca\"},{\"@type\":\"Person\",\"@id\":\"https:\/\/www.ausolan.com\/ca\/#\/schema\/person\/569b7059e96c50f7ad76b6c44b5e3015\",\"name\":\"ausolan\",\"image\":{\"@type\":\"ImageObject\",\"inLanguage\":\"ca\",\"@id\":\"https:\/\/www.ausolan.com\/ca\/#\/schema\/person\/image\/\",\"url\":\"https:\/\/secure.gravatar.com\/avatar\/90cdb1518b5f37dba0ba233a32cd632e?s=96&d=mm&r=g\",\"contentUrl\":\"https:\/\/secure.gravatar.com\/avatar\/90cdb1518b5f37dba0ba233a32cd632e?s=96&d=mm&r=g\",\"caption\":\"ausolan\"},\"sameAs\":[\"https:\/\/www.ausolan.com\"],\"url\":\"https:\/\/www.ausolan.com\/ca\/author\/ausolan\/\"}]}<\/script>\n<!-- \/ Yoast SEO plugin. -->","yoast_head_json":{"title":"El menjador de l\u2019Escola Sant Crist\u00f2for rep la primera certificaci\u00f3 a Catalunya de Menjador Ecoresponsable de Bureau Veritas | Ausolan","robots":{"index":"index","follow":"follow","max-snippet":"max-snippet:-1","max-image-preview":"max-image-preview:large","max-video-preview":"max-video-preview:-1"},"canonical":"https:\/\/www.ausolan.com\/ca\/actualitat\/el-comedor-de-la-escola-sant-cristofor-recibe-la-primera-certificacion-en-cataluna-de-comedor-eco-responsable-de-bureau-veritas\/","og_locale":"ca_ES","og_type":"article","og_title":"El menjador de l\u2019Escola Sant Crist\u00f2for rep la primera certificaci\u00f3 a Catalunya de Menjador Ecoresponsable de Bureau Veritas | Ausolan","og_description":"L\u2019empresa de restauraci\u00f3 a col\u00b7lectivitats, Ausolan, ha obtingut per al menjador de l\u2019Escola Sant Crist\u00f2for la certificaci\u00f3 de Menjador Eco\u2011responsable de Bureau Veritas, despr\u00e9s de superar un proc\u00e9s d\u2019auditoria independent. Amb aquesta fita, el centre educatiu entra a la xarxa de menjadors que avancen cap a un model m\u00e9s sostenible, saludable i socialment comprom\u00e8s i [&hellip;]","og_url":"https:\/\/www.ausolan.com\/ca\/actualitat\/el-comedor-de-la-escola-sant-cristofor-recibe-la-primera-certificacion-en-cataluna-de-comedor-eco-responsable-de-bureau-veritas\/","og_site_name":"Ausolan","article_published_time":"2025-12-09T09:44:06+00:00","article_modified_time":"2025-12-09T09:54:15+00:00","og_image":[{"width":2560,"height":1920,"url":"https:\/\/www.ausolan.com\/wp-content\/uploads\/2025\/12\/IMG_7010-scaled.jpeg","type":"image\/jpeg"}],"author":"ausolan","twitter_card":"summary_large_image","twitter_misc":{"Escrit per":"ausolan","Temps estimat de lectura":"3 minuts"},"schema":{"@context":"https:\/\/schema.org","@graph":[{"@type":"WebPage","@id":"https:\/\/www.ausolan.com\/ca\/actualitat\/el-comedor-de-la-escola-sant-cristofor-recibe-la-primera-certificacion-en-cataluna-de-comedor-eco-responsable-de-bureau-veritas\/","url":"https:\/\/www.ausolan.com\/ca\/actualitat\/el-comedor-de-la-escola-sant-cristofor-recibe-la-primera-certificacion-en-cataluna-de-comedor-eco-responsable-de-bureau-veritas\/","name":"El menjador de l\u2019Escola Sant Crist\u00f2for rep la primera certificaci\u00f3 a Catalunya de Menjador Ecoresponsable de Bureau Veritas | Ausolan","isPartOf":{"@id":"https:\/\/www.ausolan.com\/ca\/#website"},"primaryImageOfPage":{"@id":"https:\/\/www.ausolan.com\/ca\/actualitat\/el-comedor-de-la-escola-sant-cristofor-recibe-la-primera-certificacion-en-cataluna-de-comedor-eco-responsable-de-bureau-veritas\/#primaryimage"},"image":{"@id":"https:\/\/www.ausolan.com\/ca\/actualitat\/el-comedor-de-la-escola-sant-cristofor-recibe-la-primera-certificacion-en-cataluna-de-comedor-eco-responsable-de-bureau-veritas\/#primaryimage"},"thumbnailUrl":"\/wp-content\/uploads\/2025\/12\/IMG_7010-scaled.jpeg","datePublished":"2025-12-09T09:44:06+00:00","dateModified":"2025-12-09T09:54:15+00:00","author":{"@id":"https:\/\/www.ausolan.com\/ca\/#\/schema\/person\/569b7059e96c50f7ad76b6c44b5e3015"},"breadcrumb":{"@id":"https:\/\/www.ausolan.com\/ca\/actualitat\/el-comedor-de-la-escola-sant-cristofor-recibe-la-primera-certificacion-en-cataluna-de-comedor-eco-responsable-de-bureau-veritas\/#breadcrumb"},"inLanguage":"ca","potentialAction":[{"@type":"ReadAction","target":["https:\/\/www.ausolan.com\/ca\/actualitat\/el-comedor-de-la-escola-sant-cristofor-recibe-la-primera-certificacion-en-cataluna-de-comedor-eco-responsable-de-bureau-veritas\/"]}]},{"@type":"ImageObject","inLanguage":"ca","@id":"https:\/\/www.ausolan.com\/ca\/actualitat\/el-comedor-de-la-escola-sant-cristofor-recibe-la-primera-certificacion-en-cataluna-de-comedor-eco-responsable-de-bureau-veritas\/#primaryimage","url":"\/wp-content\/uploads\/2025\/12\/IMG_7010-scaled.jpeg","contentUrl":"\/wp-content\/uploads\/2025\/12\/IMG_7010-scaled.jpeg","width":2560,"height":1920},{"@type":"BreadcrumbList","@id":"https:\/\/www.ausolan.com\/ca\/actualitat\/el-comedor-de-la-escola-sant-cristofor-recibe-la-primera-certificacion-en-cataluna-de-comedor-eco-responsable-de-bureau-veritas\/#breadcrumb","itemListElement":[{"@type":"ListItem","position":1,"name":"Portada","item":"https:\/\/www.ausolan.com\/ca\/"},{"@type":"ListItem","position":2,"name":"El menjador de l\u2019Escola Sant Crist\u00f2for rep la primera certificaci\u00f3 a Catalunya de Menjador Ecoresponsable de Bureau Veritas"}]},{"@type":"WebSite","@id":"https:\/\/www.ausolan.com\/ca\/#website","url":"https:\/\/www.ausolan.com\/ca\/","name":"Ausolan","description":"Restauraci\u00f3 i neteja col\u00b7lectiva","potentialAction":[{"@type":"SearchAction","target":{"@type":"EntryPoint","urlTemplate":"https:\/\/www.ausolan.com\/ca\/?s={search_term_string}"},"query-input":{"@type":"PropertyValueSpecification","valueRequired":true,"valueName":"search_term_string"}}],"inLanguage":"ca"},{"@type":"Person","@id":"https:\/\/www.ausolan.com\/ca\/#\/schema\/person\/569b7059e96c50f7ad76b6c44b5e3015","name":"ausolan","image":{"@type":"ImageObject","inLanguage":"ca","@id":"https:\/\/www.ausolan.com\/ca\/#\/schema\/person\/image\/","url":"https:\/\/secure.gravatar.com\/avatar\/90cdb1518b5f37dba0ba233a32cd632e?s=96&d=mm&r=g","contentUrl":"https:\/\/secure.gravatar.com\/avatar\/90cdb1518b5f37dba0ba233a32cd632e?s=96&d=mm&r=g","caption":"ausolan"},"sameAs":["https:\/\/www.ausolan.com"],"url":"https:\/\/www.ausolan.com\/ca\/author\/ausolan\/"}]}},"_links":{"self":[{"href":"https:\/\/www.ausolan.com\/ca\/wp-json\/wp\/v2\/posts\/3985","targetHints":{"allow":["GET"]}}],"collection":[{"href":"https:\/\/www.ausolan.com\/ca\/wp-json\/wp\/v2\/posts"}],"about":[{"href":"https:\/\/www.ausolan.com\/ca\/wp-json\/wp\/v2\/types\/post"}],"author":[{"embeddable":true,"href":"https:\/\/www.ausolan.com\/ca\/wp-json\/wp\/v2\/users\/1"}],"replies":[{"embeddable":true,"href":"https:\/\/www.ausolan.com\/ca\/wp-json\/wp\/v2\/comments?post=3985"}],"version-history":[{"count":0,"href":"https:\/\/www.ausolan.com\/ca\/wp-json\/wp\/v2\/posts\/3985\/revisions"}],"wp:featuredmedia":[{"embeddable":true,"href":"https:\/\/www.ausolan.com\/ca\/wp-json\/wp\/v2\/media\/3981"}],"wp:attachment":[{"href":"https:\/\/www.ausolan.com\/ca\/wp-json\/wp\/v2\/media?parent=3985"}],"wp:term":[{"taxonomy":"category","embeddable":true,"href":"https:\/\/www.ausolan.com\/ca\/wp-json\/wp\/v2\/categories?post=3985"},{"taxonomy":"post_tag","embeddable":true,"href":"https:\/\/www.ausolan.com\/ca\/wp-json\/wp\/v2\/tags?post=3985"}],"curies":[{"name":"wp","href":"https:\/\/api.w.org\/{rel}","templated":true}]}}