{"id":3763,"date":"2025-10-08T08:42:23","date_gmt":"2025-10-08T06:42:23","guid":{"rendered":"https:\/\/www.ausolan.com\/ausolan-presenta-su-nueva-mision-vision-y-valores\/"},"modified":"2025-10-09T08:53:17","modified_gmt":"2025-10-09T06:53:17","slug":"ausolan-presenta-su-nueva-mision-vision-y-valores","status":"publish","type":"post","link":"https:\/\/www.ausolan.com\/ca\/actualitat\/ausolan-presenta-su-nueva-mision-vision-y-valores\/","title":{"rendered":"Ausolan\u00a0presenta la seva nova Missi\u00f3, Visi\u00f3 i Valors"},"content":{"rendered":"\n<p>Ausolan \u00e9s un projecte compartit, on cada pas d\u2019avui ens apropa al futur que&nbsp;<strong>plegats estem construint<\/strong>.&nbsp; Dins del pla estrat\u00e8gic 2025-2028 hem fet una pausa per reflexionar: per qu\u00e8 som aqu\u00ed?, quins principis ens inspiren?, on ens volem dirigir com a organitzaci\u00f3?<\/p>\n\n\n\n<p>Fruit d\u2019aquesta reflexi\u00f3 hem actualitzat la nostra <strong>missi\u00f3<\/strong>, <strong>visi\u00f3 <\/strong>i <strong>valors<\/strong>. Hem volgut mantenir l\u2019ess\u00e8ncia que ens defineix, per\u00f2 adaptant-la a la realitat actual i als reptes futurs.<br>\u201c<em>La cooperaci\u00f3 \u00e9s la palanca poderosa que multiplica les nostres forces<\/em>.\u201d \u2014 J. M. Arizmendiarrieta<\/p>\n\n\n\n<p><br><strong>Missi\u00f3<\/strong><\/p>\n\n\n\n<p>La nostra <strong>missi\u00f3<\/strong>, \u00a0\u00e9s all\u00f2 que fem cada dia, el prop\u00f2sit fonamental de la nostra empresa.<br>Aportem valor als nostres clients generant confian\u00e7a mitjan\u00e7ant la professionalitat, proximitat i compliment de la paraula donada.<\/p>\n\n\n\n<p>Una manera de ser i de fer que construeix relacions duradores gr\u00e0cies a un projecte socioempresarial inspirat en valors cooperatius.<\/p>\n\n\n\n<p><strong><u>Visi\u00f3<\/u><\/strong><\/p>\n\n\n\n<p>\u00c9s l\u2019aspiraci\u00f3 de la nostra empresa. \u00c9s on volem arribar a llarg termini.&nbsp;<strong>Qu\u00e8 volem aconseguir en el futur?<\/strong><\/p>\n\n\n\n<p>Ens inspira una Ausolan forta i compromesa, que preserva el nostre llegat mitjan\u00e7ant resultats que garanteixen un millor futur i contribueixen al benestar de la societat.<\/p>\n\n\n\n<p><strong><u>Valors<\/u><\/strong><\/p>\n\n\n\n<p>S\u00f3n els principis que ens guien en el dia a dia.<\/p>\n\n\n\n<p>\u2022 \u00c0nima \u2014 Som \u00e0nima cooperativa<br>Ens impliquem en tot all\u00f2 que fem perqu\u00e8 ens importen les persones.<\/p>\n\n\n\n<p>La nostra capacitat per treballar, cooperar i empatitzar, tant dins d\u2019Ausolan com amb els clients, \u00e9s la clau del nostre \u00e8xit.<\/p>\n\n\n\n<p>\u2022 Paraula: som de paraula i la complim<\/p>\n\n\n\n<p>Oferim un servei en qu\u00e8 la qualitat i la proximitat ens permeten forjar relacions duradores basades en la confian\u00e7a.<\/p>\n\n\n\n<p>Afrontem cada dia amb professionalitat i implicaci\u00f3 i posem el m\u00e0xim esfor\u00e7 a aconseguir un resultat capa\u00e7 de superar les expectatives.<\/p>\n\n\n\n<p>\u2022 Acci\u00f3: som de resoldre, de solucionar, de fer el pas<\/p>\n\n\n\n<p>De tenir iniciativa i d\u2019oferir solucions innovadores en el dia a dia dels nostres clients.<\/p>\n\n\n\n<p>Fem nostres els seus reptes treballant amb flexibilitat per adaptar-nos \u00e0gilment a les seves necessitats.<\/p>\n\n\n\n<figure class=\"wp-block-embed is-type-video is-provider-youtube wp-block-embed-youtube wp-embed-aspect-16-9 wp-has-aspect-ratio\"><div class=\"wp-block-embed__wrapper\">\n<iframe title=\"Missi\u00f3, visi\u00f3 i valors\" width=\"500\" height=\"281\" data-src=\"https:\/\/www.youtube.com\/embed\/x9YuDms8UHo?feature=oembed\" frameborder=\"0\" allow=\"accelerometer; autoplay; clipboard-write; encrypted-media; gyroscope; picture-in-picture; web-share\" referrerpolicy=\"strict-origin-when-cross-origin\" allowfullscreen src=\"data:image\/gif;base64,R0lGODlhAQABAAAAACH5BAEKAAEALAAAAAABAAEAAAICTAEAOw==\" class=\"lazyload\" data-load-mode=\"1\"><\/iframe>\n<\/div><\/figure>\n","protected":false},"excerpt":{"rendered":"<p>Ausolan \u00e9s un projecte compartit, on cada pas d\u2019avui ens apropa al futur que&nbsp;plegats estem construint.&nbsp; Dins del pla estrat\u00e8gic 2025-2028 hem fet una pausa per reflexionar: per qu\u00e8 som aqu\u00ed?, quins principis ens inspiren?, on ens volem dirigir com a organitzaci\u00f3? Fruit d\u2019aquesta reflexi\u00f3 hem actualitzat la nostra missi\u00f3, visi\u00f3 i valors. Hem volgut [&hellip;]<\/p>\n","protected":false},"author":1,"featured_media":3766,"comment_status":"closed","ping_status":"closed","sticky":false,"template":"","format":"standard","meta":{"_acf_changed":false,"footnotes":""},"categories":[77,80],"tags":[],"class_list":["post-3763","post","type-post","status-publish","format-standard","has-post-thumbnail","hentry","category-compromis","category-corporatiu"],"acf":[],"yoast_head":"<!-- This site is optimized with the Yoast SEO plugin v24.8.1 - https:\/\/yoast.com\/wordpress\/plugins\/seo\/ -->\n<title>Ausolan\u00a0presenta la seva nova Missi\u00f3, Visi\u00f3 i Valors | Ausolan<\/title>\n<meta name=\"robots\" content=\"index, follow, max-snippet:-1, max-image-preview:large, max-video-preview:-1\" \/>\n<link rel=\"canonical\" href=\"https:\/\/www.ausolan.com\/ca\/actualitat\/ausolan-presenta-su-nueva-mision-vision-y-valores\/\" \/>\n<meta property=\"og:locale\" content=\"ca_ES\" \/>\n<meta property=\"og:type\" content=\"article\" \/>\n<meta property=\"og:title\" content=\"Ausolan\u00a0presenta la seva nova Missi\u00f3, Visi\u00f3 i Valors | Ausolan\" \/>\n<meta property=\"og:description\" content=\"Ausolan \u00e9s un projecte compartit, on cada pas d\u2019avui ens apropa al futur que&nbsp;plegats estem construint.&nbsp; Dins del pla estrat\u00e8gic 2025-2028 hem fet una pausa per reflexionar: per qu\u00e8 som aqu\u00ed?, quins principis ens inspiren?, on ens volem dirigir com a organitzaci\u00f3? Fruit d\u2019aquesta reflexi\u00f3 hem actualitzat la nostra missi\u00f3, visi\u00f3 i valors. Hem volgut [&hellip;]\" \/>\n<meta property=\"og:url\" content=\"https:\/\/www.ausolan.com\/ca\/actualitat\/ausolan-presenta-su-nueva-mision-vision-y-valores\/\" \/>\n<meta property=\"og:site_name\" content=\"Ausolan\" \/>\n<meta property=\"article:published_time\" content=\"2025-10-08T06:42:23+00:00\" \/>\n<meta property=\"article:modified_time\" content=\"2025-10-09T06:53:17+00:00\" \/>\n<meta property=\"og:image\" content=\"https:\/\/www.ausolan.com\/wp-content\/uploads\/2025\/10\/31.png\" \/>\n\t<meta property=\"og:image:width\" content=\"1600\" \/>\n\t<meta property=\"og:image:height\" content=\"900\" \/>\n\t<meta property=\"og:image:type\" content=\"image\/png\" \/>\n<meta name=\"author\" content=\"ausolan\" \/>\n<meta name=\"twitter:card\" content=\"summary_large_image\" \/>\n<meta name=\"twitter:label1\" content=\"Escrit per\" \/>\n\t<meta name=\"twitter:data1\" content=\"ausolan\" \/>\n\t<meta name=\"twitter:label2\" content=\"Temps estimat de lectura\" \/>\n\t<meta name=\"twitter:data2\" content=\"2 minuts\" \/>\n<script type=\"application\/ld+json\" class=\"yoast-schema-graph\">{\"@context\":\"https:\/\/schema.org\",\"@graph\":[{\"@type\":\"WebPage\",\"@id\":\"https:\/\/www.ausolan.com\/ca\/actualitat\/ausolan-presenta-su-nueva-mision-vision-y-valores\/\",\"url\":\"https:\/\/www.ausolan.com\/ca\/actualitat\/ausolan-presenta-su-nueva-mision-vision-y-valores\/\",\"name\":\"Ausolan\u00a0presenta la seva nova Missi\u00f3, Visi\u00f3 i Valors | Ausolan\",\"isPartOf\":{\"@id\":\"https:\/\/www.ausolan.com\/ca\/#website\"},\"primaryImageOfPage\":{\"@id\":\"https:\/\/www.ausolan.com\/ca\/actualitat\/ausolan-presenta-su-nueva-mision-vision-y-valores\/#primaryimage\"},\"image\":{\"@id\":\"https:\/\/www.ausolan.com\/ca\/actualitat\/ausolan-presenta-su-nueva-mision-vision-y-valores\/#primaryimage\"},\"thumbnailUrl\":\"\/wp-content\/uploads\/2025\/10\/31.png\",\"datePublished\":\"2025-10-08T06:42:23+00:00\",\"dateModified\":\"2025-10-09T06:53:17+00:00\",\"author\":{\"@id\":\"https:\/\/www.ausolan.com\/ca\/#\/schema\/person\/569b7059e96c50f7ad76b6c44b5e3015\"},\"breadcrumb\":{\"@id\":\"https:\/\/www.ausolan.com\/ca\/actualitat\/ausolan-presenta-su-nueva-mision-vision-y-valores\/#breadcrumb\"},\"inLanguage\":\"ca\",\"potentialAction\":[{\"@type\":\"ReadAction\",\"target\":[\"https:\/\/www.ausolan.com\/ca\/actualitat\/ausolan-presenta-su-nueva-mision-vision-y-valores\/\"]}]},{\"@type\":\"ImageObject\",\"inLanguage\":\"ca\",\"@id\":\"https:\/\/www.ausolan.com\/ca\/actualitat\/ausolan-presenta-su-nueva-mision-vision-y-valores\/#primaryimage\",\"url\":\"\/wp-content\/uploads\/2025\/10\/31.png\",\"contentUrl\":\"\/wp-content\/uploads\/2025\/10\/31.png\",\"width\":1600,\"height\":900},{\"@type\":\"BreadcrumbList\",\"@id\":\"https:\/\/www.ausolan.com\/ca\/actualitat\/ausolan-presenta-su-nueva-mision-vision-y-valores\/#breadcrumb\",\"itemListElement\":[{\"@type\":\"ListItem\",\"position\":1,\"name\":\"Portada\",\"item\":\"https:\/\/www.ausolan.com\/ca\/\"},{\"@type\":\"ListItem\",\"position\":2,\"name\":\"Ausolan\u00a0presenta la seva nova Missi\u00f3, Visi\u00f3 i Valors\"}]},{\"@type\":\"WebSite\",\"@id\":\"https:\/\/www.ausolan.com\/ca\/#website\",\"url\":\"https:\/\/www.ausolan.com\/ca\/\",\"name\":\"Ausolan\",\"description\":\"Restauraci\u00f3 i neteja col\u00b7lectiva\",\"potentialAction\":[{\"@type\":\"SearchAction\",\"target\":{\"@type\":\"EntryPoint\",\"urlTemplate\":\"https:\/\/www.ausolan.com\/ca\/?s={search_term_string}\"},\"query-input\":{\"@type\":\"PropertyValueSpecification\",\"valueRequired\":true,\"valueName\":\"search_term_string\"}}],\"inLanguage\":\"ca\"},{\"@type\":\"Person\",\"@id\":\"https:\/\/www.ausolan.com\/ca\/#\/schema\/person\/569b7059e96c50f7ad76b6c44b5e3015\",\"name\":\"ausolan\",\"image\":{\"@type\":\"ImageObject\",\"inLanguage\":\"ca\",\"@id\":\"https:\/\/www.ausolan.com\/ca\/#\/schema\/person\/image\/\",\"url\":\"https:\/\/secure.gravatar.com\/avatar\/90cdb1518b5f37dba0ba233a32cd632e?s=96&d=mm&r=g\",\"contentUrl\":\"https:\/\/secure.gravatar.com\/avatar\/90cdb1518b5f37dba0ba233a32cd632e?s=96&d=mm&r=g\",\"caption\":\"ausolan\"},\"sameAs\":[\"https:\/\/www.ausolan.com\"],\"url\":\"https:\/\/www.ausolan.com\/ca\/author\/ausolan\/\"}]}<\/script>\n<!-- \/ Yoast SEO plugin. -->","yoast_head_json":{"title":"Ausolan\u00a0presenta la seva nova Missi\u00f3, Visi\u00f3 i Valors | Ausolan","robots":{"index":"index","follow":"follow","max-snippet":"max-snippet:-1","max-image-preview":"max-image-preview:large","max-video-preview":"max-video-preview:-1"},"canonical":"https:\/\/www.ausolan.com\/ca\/actualitat\/ausolan-presenta-su-nueva-mision-vision-y-valores\/","og_locale":"ca_ES","og_type":"article","og_title":"Ausolan\u00a0presenta la seva nova Missi\u00f3, Visi\u00f3 i Valors | Ausolan","og_description":"Ausolan \u00e9s un projecte compartit, on cada pas d\u2019avui ens apropa al futur que&nbsp;plegats estem construint.&nbsp; Dins del pla estrat\u00e8gic 2025-2028 hem fet una pausa per reflexionar: per qu\u00e8 som aqu\u00ed?, quins principis ens inspiren?, on ens volem dirigir com a organitzaci\u00f3? Fruit d\u2019aquesta reflexi\u00f3 hem actualitzat la nostra missi\u00f3, visi\u00f3 i valors. Hem volgut [&hellip;]","og_url":"https:\/\/www.ausolan.com\/ca\/actualitat\/ausolan-presenta-su-nueva-mision-vision-y-valores\/","og_site_name":"Ausolan","article_published_time":"2025-10-08T06:42:23+00:00","article_modified_time":"2025-10-09T06:53:17+00:00","og_image":[{"width":1600,"height":900,"url":"https:\/\/www.ausolan.com\/wp-content\/uploads\/2025\/10\/31.png","type":"image\/png"}],"author":"ausolan","twitter_card":"summary_large_image","twitter_misc":{"Escrit per":"ausolan","Temps estimat de lectura":"2 minuts"},"schema":{"@context":"https:\/\/schema.org","@graph":[{"@type":"WebPage","@id":"https:\/\/www.ausolan.com\/ca\/actualitat\/ausolan-presenta-su-nueva-mision-vision-y-valores\/","url":"https:\/\/www.ausolan.com\/ca\/actualitat\/ausolan-presenta-su-nueva-mision-vision-y-valores\/","name":"Ausolan\u00a0presenta la seva nova Missi\u00f3, Visi\u00f3 i Valors | Ausolan","isPartOf":{"@id":"https:\/\/www.ausolan.com\/ca\/#website"},"primaryImageOfPage":{"@id":"https:\/\/www.ausolan.com\/ca\/actualitat\/ausolan-presenta-su-nueva-mision-vision-y-valores\/#primaryimage"},"image":{"@id":"https:\/\/www.ausolan.com\/ca\/actualitat\/ausolan-presenta-su-nueva-mision-vision-y-valores\/#primaryimage"},"thumbnailUrl":"\/wp-content\/uploads\/2025\/10\/31.png","datePublished":"2025-10-08T06:42:23+00:00","dateModified":"2025-10-09T06:53:17+00:00","author":{"@id":"https:\/\/www.ausolan.com\/ca\/#\/schema\/person\/569b7059e96c50f7ad76b6c44b5e3015"},"breadcrumb":{"@id":"https:\/\/www.ausolan.com\/ca\/actualitat\/ausolan-presenta-su-nueva-mision-vision-y-valores\/#breadcrumb"},"inLanguage":"ca","potentialAction":[{"@type":"ReadAction","target":["https:\/\/www.ausolan.com\/ca\/actualitat\/ausolan-presenta-su-nueva-mision-vision-y-valores\/"]}]},{"@type":"ImageObject","inLanguage":"ca","@id":"https:\/\/www.ausolan.com\/ca\/actualitat\/ausolan-presenta-su-nueva-mision-vision-y-valores\/#primaryimage","url":"\/wp-content\/uploads\/2025\/10\/31.png","contentUrl":"\/wp-content\/uploads\/2025\/10\/31.png","width":1600,"height":900},{"@type":"BreadcrumbList","@id":"https:\/\/www.ausolan.com\/ca\/actualitat\/ausolan-presenta-su-nueva-mision-vision-y-valores\/#breadcrumb","itemListElement":[{"@type":"ListItem","position":1,"name":"Portada","item":"https:\/\/www.ausolan.com\/ca\/"},{"@type":"ListItem","position":2,"name":"Ausolan\u00a0presenta la seva nova Missi\u00f3, Visi\u00f3 i Valors"}]},{"@type":"WebSite","@id":"https:\/\/www.ausolan.com\/ca\/#website","url":"https:\/\/www.ausolan.com\/ca\/","name":"Ausolan","description":"Restauraci\u00f3 i neteja col\u00b7lectiva","potentialAction":[{"@type":"SearchAction","target":{"@type":"EntryPoint","urlTemplate":"https:\/\/www.ausolan.com\/ca\/?s={search_term_string}"},"query-input":{"@type":"PropertyValueSpecification","valueRequired":true,"valueName":"search_term_string"}}],"inLanguage":"ca"},{"@type":"Person","@id":"https:\/\/www.ausolan.com\/ca\/#\/schema\/person\/569b7059e96c50f7ad76b6c44b5e3015","name":"ausolan","image":{"@type":"ImageObject","inLanguage":"ca","@id":"https:\/\/www.ausolan.com\/ca\/#\/schema\/person\/image\/","url":"https:\/\/secure.gravatar.com\/avatar\/90cdb1518b5f37dba0ba233a32cd632e?s=96&d=mm&r=g","contentUrl":"https:\/\/secure.gravatar.com\/avatar\/90cdb1518b5f37dba0ba233a32cd632e?s=96&d=mm&r=g","caption":"ausolan"},"sameAs":["https:\/\/www.ausolan.com"],"url":"https:\/\/www.ausolan.com\/ca\/author\/ausolan\/"}]}},"_links":{"self":[{"href":"https:\/\/www.ausolan.com\/ca\/wp-json\/wp\/v2\/posts\/3763","targetHints":{"allow":["GET"]}}],"collection":[{"href":"https:\/\/www.ausolan.com\/ca\/wp-json\/wp\/v2\/posts"}],"about":[{"href":"https:\/\/www.ausolan.com\/ca\/wp-json\/wp\/v2\/types\/post"}],"author":[{"embeddable":true,"href":"https:\/\/www.ausolan.com\/ca\/wp-json\/wp\/v2\/users\/1"}],"replies":[{"embeddable":true,"href":"https:\/\/www.ausolan.com\/ca\/wp-json\/wp\/v2\/comments?post=3763"}],"version-history":[{"count":0,"href":"https:\/\/www.ausolan.com\/ca\/wp-json\/wp\/v2\/posts\/3763\/revisions"}],"wp:featuredmedia":[{"embeddable":true,"href":"https:\/\/www.ausolan.com\/ca\/wp-json\/wp\/v2\/media\/3766"}],"wp:attachment":[{"href":"https:\/\/www.ausolan.com\/ca\/wp-json\/wp\/v2\/media?parent=3763"}],"wp:term":[{"taxonomy":"category","embeddable":true,"href":"https:\/\/www.ausolan.com\/ca\/wp-json\/wp\/v2\/categories?post=3763"},{"taxonomy":"post_tag","embeddable":true,"href":"https:\/\/www.ausolan.com\/ca\/wp-json\/wp\/v2\/tags?post=3763"}],"curies":[{"name":"wp","href":"https:\/\/api.w.org\/{rel}","templated":true}]}}