{"id":3704,"date":"2025-10-06T09:31:48","date_gmt":"2025-10-06T07:31:48","guid":{"rendered":"https:\/\/www.ausolan.com\/ausolan-y-platano-de-canarias-renuevan-su-alianza-para-fomentar-la-fruta-producida-en-espana-en-los-comedores-escolares\/"},"modified":"2025-10-06T11:26:21","modified_gmt":"2025-10-06T09:26:21","slug":"ausolan-y-platano-de-canarias-renuevan-su-alianza-para-fomentar-la-fruta-producida-en-espana-en-los-comedores-escolares","status":"publish","type":"post","link":"https:\/\/www.ausolan.com\/ca\/actualitat\/ausolan-y-platano-de-canarias-renuevan-su-alianza-para-fomentar-la-fruta-producida-en-espana-en-los-comedores-escolares\/","title":{"rendered":"Ausolan i Pl\u00e1tano de Canarias renoven la seva alian\u00e7a per fomentar la fruita produ\u00efda a Espanya als menjadors escolars"},"content":{"rendered":"\n<ul class=\"wp-block-list\">\n<li><strong>L\u2019acord garanteix la continu\u00eftat en el subministrament setmanal de pl\u00e0tan de Can\u00e0ries IGP a m\u00e9s de 1.700\u00a0centres educatius, en lloc del substitutiu d\u2019importaci\u00f3<\/strong><\/li>\n\n\n\n<li><strong>Com a part del seu projecte educatiu, Ausolan desenvolupa la campanya \u201cActiva\u2019t amb pl\u00e0tan de Can\u00e0ries\u201d, destinada a fomentar l\u2019activitat f\u00edsica i els h\u00e0bits de vida saludables entre m\u00e9s de 5.000\u00a0escolars de 60\u00a0centres de menjador en diferents comunitats.<\/strong><\/li>\n<\/ul>\n\n\n\n<figure class=\"wp-block-image size-full\"><img decoding=\"async\" width=\"1017\" height=\"630\" data-src=\"\/wp-content\/uploads\/2025\/10\/Platano.jpg\" alt=\"\" class=\"wp-image-3698 lazyload\" data-srcset=\"\/wp-content\/uploads\/2025\/10\/Platano.jpg 1017w, \/wp-content\/uploads\/2025\/10\/Platano-300x186.jpg 300w, \/wp-content\/uploads\/2025\/10\/Platano-768x476.jpg 768w, \/wp-content\/uploads\/2025\/10\/Platano-450x279.jpg 450w, \/wp-content\/uploads\/2025\/10\/Platano-900x558.jpg 900w, \/wp-content\/uploads\/2025\/10\/Platano-992x615.jpg 992w\" data-sizes=\"(max-width: 1017px) 100vw, 1017px\" src=\"data:image\/gif;base64,R0lGODlhAQABAAAAACH5BAEKAAEALAAAAAABAAEAAAICTAEAOw==\" style=\"--smush-placeholder-width: 1017px; --smush-placeholder-aspect-ratio: 1017\/630;\" \/><\/figure>\n\n\n\n<p>Pl\u00e1tano de Canarias i Ausolan han renovat, un any m\u00e9s, el seu comprom\u00eds amb la promoci\u00f3 de l\u2019alimentaci\u00f3 saludable i el consum de fruita d\u2019origen nacional en els entorns escolars.<\/p>\n\n\n\n<p>Aix\u00ed, durant el curs 2025-2026, m\u00e9s de 1.700&nbsp;centres disposaran, setmanalment, de pl\u00e0tan de Can\u00e0ries IGP en el seu men\u00fa de migdia. Un producte amb est\u00e0ndards europeus de responsabilitat social, sostenibilitat i qualitat que, gr\u00e0cies al seu gust, millora l\u2019acceptaci\u00f3 de la fruita en els infants.<\/p>\n\n\n\n<p>Tal com ha assenyalat <strong>Mikel Olarte<\/strong>, <strong>director de m\u00e0rqueting<\/strong> d\u2019<strong>Ausolan<\/strong>, <em>\u201centenem el menjador com una extensi\u00f3 de l\u2019educaci\u00f3 que reben a casa i a l\u2019aula. Amb iniciatives com aquesta, ajudem que els m\u00e9s petits aprenguin a valorar la fruita, el seu origen i l\u2019esfor\u00e7 que hi ha darrere de cada aliment.\u201d<\/em><\/p>\n\n\n\n<p>Per la seva part, <strong>Sergio C\u00e1ceres<\/strong>, <strong>gerent i director de m\u00e0rqueting d\u2019ASPROCAN<\/strong>, ha assenyalat que \u201c<em>per a nosaltres, \u00e9s fonamental que els nens i les nenes tinguin acc\u00e9s al pl\u00e0tan de Can\u00e0ries en tots els \u00e0mbits de la seva vida quotidiana, tamb\u00e9 en l\u2019escolar\u201d. <\/em>Aquesta alian\u00e7a<em> \u201cens permet avan\u00e7ar en aquest objectiu, i fer-ho gr\u00e0cies a empreses que comparteixen el nostre comprom\u00eds amb l\u2019alimentaci\u00f3 saludable i amb la promoci\u00f3 de productes que aporten un valor afegit en seguretat i valors\u201d<\/em> afegeix.<\/p>\n\n\n\n<p>Aquesta iniciativa s\u2019aconsegueix gr\u00e0cies a la implicaci\u00f3 de l\u2019Associaci\u00f3 d\u2019Organitzacions de Productors de Pl\u00e0tan de Can\u00e0ries (ASPROCAN) i la col\u00b7laboraci\u00f3 d\u2019empreses de maduraci\u00f3 de pl\u00e0tan com Frutas Iru-Eurobanan, Mercamusa i Hermanos Fern\u00e1ndez L\u00f3pez, que asseguren la log\u00edstica, l\u2019estabilitat i la qualitat del producte en destinaci\u00f3.<\/p>\n\n\n\n<p><strong>Activa\u2019t amb pl\u00e0tan de Can\u00e0ries<\/strong><strong><\/strong><\/p>\n\n\n\n<p>A m\u00e9s, en el marc del projecte educatiu d\u2019Ausolan, alumnes d\u2019entre 8 i 12&nbsp;anys de m\u00e9s de 60&nbsp;escoles de Madrid, el Pa\u00eds Basc, Navarra i Ast\u00faries participaran en la campanya \u201cActiva\u2019t amb pl\u00e0tan de Can\u00e0ries\u201d, amb activitats f\u00edsiques als patis escolars durant el migdia, a fi de promoure h\u00e0bits saludables i el consum de fruites.<\/p>\n","protected":false},"excerpt":{"rendered":"<p>Pl\u00e1tano de Canarias i Ausolan han renovat, un any m\u00e9s, el seu comprom\u00eds amb la promoci\u00f3 de l\u2019alimentaci\u00f3 saludable i el consum de fruita d\u2019origen nacional en els entorns escolars. Aix\u00ed, durant el curs 2025-2026, m\u00e9s de 1.700&nbsp;centres disposaran, setmanalment, de pl\u00e0tan de Can\u00e0ries IGP en el seu men\u00fa de migdia. Un producte amb est\u00e0ndards [&hellip;]<\/p>\n","protected":false},"author":1,"featured_media":3700,"comment_status":"closed","ping_status":"closed","sticky":false,"template":"","format":"standard","meta":{"_acf_changed":false,"footnotes":""},"categories":[77,83],"tags":[],"class_list":["post-3704","post","type-post","status-publish","format-standard","has-post-thumbnail","hentry","category-compromis","category-dia-a-dia-ca"],"acf":[],"yoast_head":"<!-- This site is optimized with the Yoast SEO plugin v24.8.1 - https:\/\/yoast.com\/wordpress\/plugins\/seo\/ -->\n<title>Ausolan i Pl\u00e1tano de Canarias renoven la seva alian\u00e7a per fomentar la fruita produ\u00efda a Espanya als menjadors escolars | Ausolan<\/title>\n<meta name=\"robots\" content=\"index, follow, max-snippet:-1, max-image-preview:large, max-video-preview:-1\" \/>\n<link rel=\"canonical\" href=\"https:\/\/www.ausolan.com\/ca\/actualitat\/ausolan-y-platano-de-canarias-renuevan-su-alianza-para-fomentar-la-fruta-producida-en-espana-en-los-comedores-escolares\/\" \/>\n<meta property=\"og:locale\" content=\"ca_ES\" \/>\n<meta property=\"og:type\" content=\"article\" \/>\n<meta property=\"og:title\" content=\"Ausolan i Pl\u00e1tano de Canarias renoven la seva alian\u00e7a per fomentar la fruita produ\u00efda a Espanya als menjadors escolars | Ausolan\" \/>\n<meta property=\"og:description\" content=\"Pl\u00e1tano de Canarias i Ausolan han renovat, un any m\u00e9s, el seu comprom\u00eds amb la promoci\u00f3 de l\u2019alimentaci\u00f3 saludable i el consum de fruita d\u2019origen nacional en els entorns escolars. Aix\u00ed, durant el curs 2025-2026, m\u00e9s de 1.700&nbsp;centres disposaran, setmanalment, de pl\u00e0tan de Can\u00e0ries IGP en el seu men\u00fa de migdia. Un producte amb est\u00e0ndards [&hellip;]\" \/>\n<meta property=\"og:url\" content=\"https:\/\/www.ausolan.com\/ca\/actualitat\/ausolan-y-platano-de-canarias-renuevan-su-alianza-para-fomentar-la-fruta-producida-en-espana-en-los-comedores-escolares\/\" \/>\n<meta property=\"og:site_name\" content=\"Ausolan\" \/>\n<meta property=\"article:published_time\" content=\"2025-10-06T07:31:48+00:00\" \/>\n<meta property=\"article:modified_time\" content=\"2025-10-06T09:26:21+00:00\" \/>\n<meta property=\"og:image\" content=\"https:\/\/www.ausolan.com\/wp-content\/uploads\/2025\/10\/Platano.jpg\" \/>\n\t<meta property=\"og:image:width\" content=\"1017\" \/>\n\t<meta property=\"og:image:height\" content=\"630\" \/>\n\t<meta property=\"og:image:type\" content=\"image\/jpeg\" \/>\n<meta name=\"author\" content=\"ausolan\" \/>\n<meta name=\"twitter:card\" content=\"summary_large_image\" \/>\n<meta name=\"twitter:label1\" content=\"Escrit per\" \/>\n\t<meta name=\"twitter:data1\" content=\"ausolan\" \/>\n\t<meta name=\"twitter:label2\" content=\"Temps estimat de lectura\" \/>\n\t<meta name=\"twitter:data2\" content=\"3 minuts\" \/>\n<script type=\"application\/ld+json\" class=\"yoast-schema-graph\">{\"@context\":\"https:\/\/schema.org\",\"@graph\":[{\"@type\":\"WebPage\",\"@id\":\"https:\/\/www.ausolan.com\/ca\/actualitat\/ausolan-y-platano-de-canarias-renuevan-su-alianza-para-fomentar-la-fruta-producida-en-espana-en-los-comedores-escolares\/\",\"url\":\"https:\/\/www.ausolan.com\/ca\/actualitat\/ausolan-y-platano-de-canarias-renuevan-su-alianza-para-fomentar-la-fruta-producida-en-espana-en-los-comedores-escolares\/\",\"name\":\"Ausolan i Pl\u00e1tano de Canarias renoven la seva alian\u00e7a per fomentar la fruita produ\u00efda a Espanya als menjadors escolars | Ausolan\",\"isPartOf\":{\"@id\":\"https:\/\/www.ausolan.com\/ca\/#website\"},\"primaryImageOfPage\":{\"@id\":\"https:\/\/www.ausolan.com\/ca\/actualitat\/ausolan-y-platano-de-canarias-renuevan-su-alianza-para-fomentar-la-fruta-producida-en-espana-en-los-comedores-escolares\/#primaryimage\"},\"image\":{\"@id\":\"https:\/\/www.ausolan.com\/ca\/actualitat\/ausolan-y-platano-de-canarias-renuevan-su-alianza-para-fomentar-la-fruta-producida-en-espana-en-los-comedores-escolares\/#primaryimage\"},\"thumbnailUrl\":\"\/wp-content\/uploads\/2025\/10\/Platano.jpg\",\"datePublished\":\"2025-10-06T07:31:48+00:00\",\"dateModified\":\"2025-10-06T09:26:21+00:00\",\"author\":{\"@id\":\"https:\/\/www.ausolan.com\/ca\/#\/schema\/person\/569b7059e96c50f7ad76b6c44b5e3015\"},\"breadcrumb\":{\"@id\":\"https:\/\/www.ausolan.com\/ca\/actualitat\/ausolan-y-platano-de-canarias-renuevan-su-alianza-para-fomentar-la-fruta-producida-en-espana-en-los-comedores-escolares\/#breadcrumb\"},\"inLanguage\":\"ca\",\"potentialAction\":[{\"@type\":\"ReadAction\",\"target\":[\"https:\/\/www.ausolan.com\/ca\/actualitat\/ausolan-y-platano-de-canarias-renuevan-su-alianza-para-fomentar-la-fruta-producida-en-espana-en-los-comedores-escolares\/\"]}]},{\"@type\":\"ImageObject\",\"inLanguage\":\"ca\",\"@id\":\"https:\/\/www.ausolan.com\/ca\/actualitat\/ausolan-y-platano-de-canarias-renuevan-su-alianza-para-fomentar-la-fruta-producida-en-espana-en-los-comedores-escolares\/#primaryimage\",\"url\":\"\/wp-content\/uploads\/2025\/10\/Platano.jpg\",\"contentUrl\":\"\/wp-content\/uploads\/2025\/10\/Platano.jpg\",\"width\":1017,\"height\":630},{\"@type\":\"BreadcrumbList\",\"@id\":\"https:\/\/www.ausolan.com\/ca\/actualitat\/ausolan-y-platano-de-canarias-renuevan-su-alianza-para-fomentar-la-fruta-producida-en-espana-en-los-comedores-escolares\/#breadcrumb\",\"itemListElement\":[{\"@type\":\"ListItem\",\"position\":1,\"name\":\"Portada\",\"item\":\"https:\/\/www.ausolan.com\/ca\/\"},{\"@type\":\"ListItem\",\"position\":2,\"name\":\"Ausolan i Pl\u00e1tano de Canarias renoven la seva alian\u00e7a per fomentar la fruita produ\u00efda a Espanya als menjadors escolars\"}]},{\"@type\":\"WebSite\",\"@id\":\"https:\/\/www.ausolan.com\/ca\/#website\",\"url\":\"https:\/\/www.ausolan.com\/ca\/\",\"name\":\"Ausolan\",\"description\":\"Restauraci\u00f3 i neteja col\u00b7lectiva\",\"potentialAction\":[{\"@type\":\"SearchAction\",\"target\":{\"@type\":\"EntryPoint\",\"urlTemplate\":\"https:\/\/www.ausolan.com\/ca\/?s={search_term_string}\"},\"query-input\":{\"@type\":\"PropertyValueSpecification\",\"valueRequired\":true,\"valueName\":\"search_term_string\"}}],\"inLanguage\":\"ca\"},{\"@type\":\"Person\",\"@id\":\"https:\/\/www.ausolan.com\/ca\/#\/schema\/person\/569b7059e96c50f7ad76b6c44b5e3015\",\"name\":\"ausolan\",\"image\":{\"@type\":\"ImageObject\",\"inLanguage\":\"ca\",\"@id\":\"https:\/\/www.ausolan.com\/ca\/#\/schema\/person\/image\/\",\"url\":\"https:\/\/secure.gravatar.com\/avatar\/90cdb1518b5f37dba0ba233a32cd632e?s=96&d=mm&r=g\",\"contentUrl\":\"https:\/\/secure.gravatar.com\/avatar\/90cdb1518b5f37dba0ba233a32cd632e?s=96&d=mm&r=g\",\"caption\":\"ausolan\"},\"sameAs\":[\"https:\/\/www.ausolan.com\"],\"url\":\"https:\/\/www.ausolan.com\/ca\/author\/ausolan\/\"}]}<\/script>\n<!-- \/ Yoast SEO plugin. -->","yoast_head_json":{"title":"Ausolan i Pl\u00e1tano de Canarias renoven la seva alian\u00e7a per fomentar la fruita produ\u00efda a Espanya als menjadors escolars | Ausolan","robots":{"index":"index","follow":"follow","max-snippet":"max-snippet:-1","max-image-preview":"max-image-preview:large","max-video-preview":"max-video-preview:-1"},"canonical":"https:\/\/www.ausolan.com\/ca\/actualitat\/ausolan-y-platano-de-canarias-renuevan-su-alianza-para-fomentar-la-fruta-producida-en-espana-en-los-comedores-escolares\/","og_locale":"ca_ES","og_type":"article","og_title":"Ausolan i Pl\u00e1tano de Canarias renoven la seva alian\u00e7a per fomentar la fruita produ\u00efda a Espanya als menjadors escolars | Ausolan","og_description":"Pl\u00e1tano de Canarias i Ausolan han renovat, un any m\u00e9s, el seu comprom\u00eds amb la promoci\u00f3 de l\u2019alimentaci\u00f3 saludable i el consum de fruita d\u2019origen nacional en els entorns escolars. Aix\u00ed, durant el curs 2025-2026, m\u00e9s de 1.700&nbsp;centres disposaran, setmanalment, de pl\u00e0tan de Can\u00e0ries IGP en el seu men\u00fa de migdia. Un producte amb est\u00e0ndards [&hellip;]","og_url":"https:\/\/www.ausolan.com\/ca\/actualitat\/ausolan-y-platano-de-canarias-renuevan-su-alianza-para-fomentar-la-fruta-producida-en-espana-en-los-comedores-escolares\/","og_site_name":"Ausolan","article_published_time":"2025-10-06T07:31:48+00:00","article_modified_time":"2025-10-06T09:26:21+00:00","og_image":[{"width":1017,"height":630,"url":"https:\/\/www.ausolan.com\/wp-content\/uploads\/2025\/10\/Platano.jpg","type":"image\/jpeg"}],"author":"ausolan","twitter_card":"summary_large_image","twitter_misc":{"Escrit per":"ausolan","Temps estimat de lectura":"3 minuts"},"schema":{"@context":"https:\/\/schema.org","@graph":[{"@type":"WebPage","@id":"https:\/\/www.ausolan.com\/ca\/actualitat\/ausolan-y-platano-de-canarias-renuevan-su-alianza-para-fomentar-la-fruta-producida-en-espana-en-los-comedores-escolares\/","url":"https:\/\/www.ausolan.com\/ca\/actualitat\/ausolan-y-platano-de-canarias-renuevan-su-alianza-para-fomentar-la-fruta-producida-en-espana-en-los-comedores-escolares\/","name":"Ausolan i Pl\u00e1tano de Canarias renoven la seva alian\u00e7a per fomentar la fruita produ\u00efda a Espanya als menjadors escolars | Ausolan","isPartOf":{"@id":"https:\/\/www.ausolan.com\/ca\/#website"},"primaryImageOfPage":{"@id":"https:\/\/www.ausolan.com\/ca\/actualitat\/ausolan-y-platano-de-canarias-renuevan-su-alianza-para-fomentar-la-fruta-producida-en-espana-en-los-comedores-escolares\/#primaryimage"},"image":{"@id":"https:\/\/www.ausolan.com\/ca\/actualitat\/ausolan-y-platano-de-canarias-renuevan-su-alianza-para-fomentar-la-fruta-producida-en-espana-en-los-comedores-escolares\/#primaryimage"},"thumbnailUrl":"\/wp-content\/uploads\/2025\/10\/Platano.jpg","datePublished":"2025-10-06T07:31:48+00:00","dateModified":"2025-10-06T09:26:21+00:00","author":{"@id":"https:\/\/www.ausolan.com\/ca\/#\/schema\/person\/569b7059e96c50f7ad76b6c44b5e3015"},"breadcrumb":{"@id":"https:\/\/www.ausolan.com\/ca\/actualitat\/ausolan-y-platano-de-canarias-renuevan-su-alianza-para-fomentar-la-fruta-producida-en-espana-en-los-comedores-escolares\/#breadcrumb"},"inLanguage":"ca","potentialAction":[{"@type":"ReadAction","target":["https:\/\/www.ausolan.com\/ca\/actualitat\/ausolan-y-platano-de-canarias-renuevan-su-alianza-para-fomentar-la-fruta-producida-en-espana-en-los-comedores-escolares\/"]}]},{"@type":"ImageObject","inLanguage":"ca","@id":"https:\/\/www.ausolan.com\/ca\/actualitat\/ausolan-y-platano-de-canarias-renuevan-su-alianza-para-fomentar-la-fruta-producida-en-espana-en-los-comedores-escolares\/#primaryimage","url":"\/wp-content\/uploads\/2025\/10\/Platano.jpg","contentUrl":"\/wp-content\/uploads\/2025\/10\/Platano.jpg","width":1017,"height":630},{"@type":"BreadcrumbList","@id":"https:\/\/www.ausolan.com\/ca\/actualitat\/ausolan-y-platano-de-canarias-renuevan-su-alianza-para-fomentar-la-fruta-producida-en-espana-en-los-comedores-escolares\/#breadcrumb","itemListElement":[{"@type":"ListItem","position":1,"name":"Portada","item":"https:\/\/www.ausolan.com\/ca\/"},{"@type":"ListItem","position":2,"name":"Ausolan i Pl\u00e1tano de Canarias renoven la seva alian\u00e7a per fomentar la fruita produ\u00efda a Espanya als menjadors escolars"}]},{"@type":"WebSite","@id":"https:\/\/www.ausolan.com\/ca\/#website","url":"https:\/\/www.ausolan.com\/ca\/","name":"Ausolan","description":"Restauraci\u00f3 i neteja col\u00b7lectiva","potentialAction":[{"@type":"SearchAction","target":{"@type":"EntryPoint","urlTemplate":"https:\/\/www.ausolan.com\/ca\/?s={search_term_string}"},"query-input":{"@type":"PropertyValueSpecification","valueRequired":true,"valueName":"search_term_string"}}],"inLanguage":"ca"},{"@type":"Person","@id":"https:\/\/www.ausolan.com\/ca\/#\/schema\/person\/569b7059e96c50f7ad76b6c44b5e3015","name":"ausolan","image":{"@type":"ImageObject","inLanguage":"ca","@id":"https:\/\/www.ausolan.com\/ca\/#\/schema\/person\/image\/","url":"https:\/\/secure.gravatar.com\/avatar\/90cdb1518b5f37dba0ba233a32cd632e?s=96&d=mm&r=g","contentUrl":"https:\/\/secure.gravatar.com\/avatar\/90cdb1518b5f37dba0ba233a32cd632e?s=96&d=mm&r=g","caption":"ausolan"},"sameAs":["https:\/\/www.ausolan.com"],"url":"https:\/\/www.ausolan.com\/ca\/author\/ausolan\/"}]}},"_links":{"self":[{"href":"https:\/\/www.ausolan.com\/ca\/wp-json\/wp\/v2\/posts\/3704","targetHints":{"allow":["GET"]}}],"collection":[{"href":"https:\/\/www.ausolan.com\/ca\/wp-json\/wp\/v2\/posts"}],"about":[{"href":"https:\/\/www.ausolan.com\/ca\/wp-json\/wp\/v2\/types\/post"}],"author":[{"embeddable":true,"href":"https:\/\/www.ausolan.com\/ca\/wp-json\/wp\/v2\/users\/1"}],"replies":[{"embeddable":true,"href":"https:\/\/www.ausolan.com\/ca\/wp-json\/wp\/v2\/comments?post=3704"}],"version-history":[{"count":0,"href":"https:\/\/www.ausolan.com\/ca\/wp-json\/wp\/v2\/posts\/3704\/revisions"}],"wp:featuredmedia":[{"embeddable":true,"href":"https:\/\/www.ausolan.com\/ca\/wp-json\/wp\/v2\/media\/3700"}],"wp:attachment":[{"href":"https:\/\/www.ausolan.com\/ca\/wp-json\/wp\/v2\/media?parent=3704"}],"wp:term":[{"taxonomy":"category","embeddable":true,"href":"https:\/\/www.ausolan.com\/ca\/wp-json\/wp\/v2\/categories?post=3704"},{"taxonomy":"post_tag","embeddable":true,"href":"https:\/\/www.ausolan.com\/ca\/wp-json\/wp\/v2\/tags?post=3704"}],"curies":[{"name":"wp","href":"https:\/\/api.w.org\/{rel}","templated":true}]}}