{"id":3688,"date":"2025-09-19T11:15:16","date_gmt":"2025-09-19T09:15:16","guid":{"rendered":"https:\/\/www.ausolan.com\/reportaje-orain-sobre-la-gestion-de-dietas-especiales-de-ausolan\/"},"modified":"2025-09-22T12:14:06","modified_gmt":"2025-09-22T10:14:06","slug":"reportaje-orain-sobre-la-gestion-de-dietas-especiales-de-ausolan","status":"publish","type":"post","link":"https:\/\/www.ausolan.com\/ca\/actualitat\/reportaje-orain-sobre-la-gestion-de-dietas-especiales-de-ausolan\/","title":{"rendered":"Reportatge Orain sobre la gesti\u00f3 de dietes especials d\u2019Ausolan"},"content":{"rendered":"\n<p>El mitj\u00e0 digital d\u2019EITB, Orain, ha fet un reportatge sobre l\u2019augment de les dietes especials i com es gestionen als menjadors escolars.<\/p>\n\n\n\n<p>Per fer-lo, ha entrevistat la nostra t\u00e8cnica de qualitat&nbsp;a Navarra, Susana Tom\u00e1s.<\/p>\n\n\n\n<p>I \u00e9s que, tal com recull el reportatge, l\u2019augment&nbsp;<strong>d\u2019intoler\u00e0ncies&nbsp;i al\u00b7l\u00e8rgies<\/strong>&nbsp;o les peticions de men\u00fas vegetarians ha multiplicat el nombre de dietes que se serveixen di\u00e0riament als menjadors escolars d\u2019Hego Euskal Herria, i ja&nbsp;<strong>suposen el 9&nbsp;%&nbsp;de les preparacions<\/strong>&nbsp;de les empreses de restauraci\u00f3 escolar.&nbsp;<\/p>\n\n\n\n<p>A la Comunitat Aut\u00f2noma Basca, per exemple, dels 88.524&nbsp;comensals a les <em>jangelas <\/em>(menjadors), m\u00e9s de 10.000 menja algun tipus de men\u00fa especial, \u00e9s a dir,&nbsp;<strong>1 de cada 8&nbsp;alumnes menja un men\u00fa diferent<\/strong>, segons dades facilitades pel Departament d\u2019Educaci\u00f3 del Govern Basc.&nbsp;<\/p>\n\n\n\n<p>A&nbsp;<strong>Navarra<\/strong>, dels 6.074&nbsp;alumnes dels centres educatius p\u00fablics comarcals&nbsp;que fan \u00fas del servei de menjador, 404&nbsp;alumnes necessiten algun men\u00fa especial per motius de salut o per motius culturals, \u00e8tics o religiosos, segons ha indicat el Departament d\u2019Educaci\u00f3.&nbsp;<\/p>\n\n\n\n<p>Segons assenyala Ausolan, l\u2019<strong>exc\u00e9s&nbsp;d\u2019higiene<\/strong>&nbsp;i una&nbsp;<strong>exposici\u00f3 inferior a microorganismes<\/strong>&nbsp;han incrementat el risc de patir al\u00b7l\u00e8rgies i malalties autoimmunes. Un altre dels factors que pot afectar aquest augment s\u00f3n els&nbsp;<strong>canvis en la dieta<\/strong>&nbsp;moderna: ultraprocessats, additius, ingredients nous.&nbsp;<\/p>\n\n\n\n<p>Aix\u00ed mateix, les persones expertes en aquesta mat\u00e8ria apunten com a possibles desencadenants&nbsp;les alteracions<strong>&nbsp;en la microbiota intestinal<\/strong>,&nbsp;<strong>factors hereditaris<\/strong>&nbsp;i gen\u00e8tics i tamb\u00e9 el&nbsp;<strong>canvi clim\u00e0tic&nbsp;<\/strong>i la contaminaci\u00f3 ambiental.<\/p>\n\n\n\n<p>El cert \u00e9s que la gesti\u00f3 als menjadors escolars \u00e9s cada vegada m\u00e9s complexa i l\u2019augment d\u2019al\u00b7l\u00e8rgies ha obligat les empreses de restauraci\u00f3 escolar a posar en marxa <strong>protocols&nbsp;molt estrictes<\/strong>, i \u00e9s que&nbsp;la dada epidemiol\u00f2gica (del 2&nbsp;% al 9&nbsp;%) il\u00b7lustra un repte creixent en salut p\u00fablica i educaci\u00f3.&nbsp;<\/p>\n\n\n\n<p>No et perdis el reportatge complet aqu\u00ed:<\/p>\n\n\n\n<figure class=\"wp-block-image size-full is-resized\"><a class=\"https:\/\/orain.eus\/es\/actualidad\/sociedad\/2025\/09\/19\/las-dietas-especiales-adaptadas-en-los-comedores-escolares-han-aumentado-del-2-al-9-en-los-ultimos-15-anos\/\" href=\"https:\/\/orain.eus\/es\/actualidad\/sociedad\/2025\/09\/19\/las-dietas-especiales-adaptadas-en-los-comedores-escolares-han-aumentado-del-2-al-9-en-los-ultimos-15-anos\/\" rel=\"https:\/\/orain.eus\/es\/actualidad\/sociedad\/2025\/09\/19\/las-dietas-especiales-adaptadas-en-los-comedores-escolares-han-aumentado-del-2-al-9-en-los-ultimos-15-anos\/\"><img decoding=\"async\" width=\"371\" height=\"203\" data-src=\"\/wp-content\/uploads\/2025\/09\/Susana.jpg\" alt=\"\" class=\"wp-image-3675 lazyload\" style=\"--smush-placeholder-width: 371px; --smush-placeholder-aspect-ratio: 371\/203;width:202px;height:auto\" data-srcset=\"\/wp-content\/uploads\/2025\/09\/Susana.jpg 371w, \/wp-content\/uploads\/2025\/09\/Susana-300x164.jpg 300w\" data-sizes=\"(max-width: 371px) 100vw, 371px\" src=\"data:image\/gif;base64,R0lGODlhAQABAAAAACH5BAEKAAEALAAAAAABAAEAAAICTAEAOw==\" \/><\/a><\/figure>\n","protected":false},"excerpt":{"rendered":"<p>El mitj\u00e0 digital d\u2019EITB, Orain, ha fet un reportatge sobre l\u2019augment de les dietes especials i com es gestionen als menjadors escolars. Per fer-lo, ha entrevistat la nostra t\u00e8cnica de qualitat&nbsp;a Navarra, Susana Tom\u00e1s. I \u00e9s que, tal com recull el reportatge, l\u2019augment&nbsp;d\u2019intoler\u00e0ncies&nbsp;i al\u00b7l\u00e8rgies&nbsp;o les peticions de men\u00fas vegetarians ha multiplicat el nombre de dietes [&hellip;]<\/p>\n","protected":false},"author":1,"featured_media":3685,"comment_status":"closed","ping_status":"closed","sticky":false,"template":"","format":"standard","meta":{"_acf_changed":false,"footnotes":""},"categories":[80],"tags":[],"class_list":["post-3688","post","type-post","status-publish","format-standard","has-post-thumbnail","hentry","category-corporatiu"],"acf":[],"yoast_head":"<!-- This site is optimized with the Yoast SEO plugin v24.8.1 - https:\/\/yoast.com\/wordpress\/plugins\/seo\/ -->\n<title>Reportatge Orain sobre la gesti\u00f3 de dietes especials d\u2019Ausolan | Ausolan<\/title>\n<meta name=\"robots\" content=\"index, follow, max-snippet:-1, max-image-preview:large, max-video-preview:-1\" \/>\n<link rel=\"canonical\" href=\"https:\/\/www.ausolan.com\/ca\/actualitat\/reportaje-orain-sobre-la-gestion-de-dietas-especiales-de-ausolan\/\" \/>\n<meta property=\"og:locale\" content=\"ca_ES\" \/>\n<meta property=\"og:type\" content=\"article\" \/>\n<meta property=\"og:title\" content=\"Reportatge Orain sobre la gesti\u00f3 de dietes especials d\u2019Ausolan | Ausolan\" \/>\n<meta property=\"og:description\" content=\"El mitj\u00e0 digital d\u2019EITB, Orain, ha fet un reportatge sobre l\u2019augment de les dietes especials i com es gestionen als menjadors escolars. Per fer-lo, ha entrevistat la nostra t\u00e8cnica de qualitat&nbsp;a Navarra, Susana Tom\u00e1s. I \u00e9s que, tal com recull el reportatge, l\u2019augment&nbsp;d\u2019intoler\u00e0ncies&nbsp;i al\u00b7l\u00e8rgies&nbsp;o les peticions de men\u00fas vegetarians ha multiplicat el nombre de dietes [&hellip;]\" \/>\n<meta property=\"og:url\" content=\"https:\/\/www.ausolan.com\/ca\/actualitat\/reportaje-orain-sobre-la-gestion-de-dietas-especiales-de-ausolan\/\" \/>\n<meta property=\"og:site_name\" content=\"Ausolan\" \/>\n<meta property=\"article:published_time\" content=\"2025-09-19T09:15:16+00:00\" \/>\n<meta property=\"article:modified_time\" content=\"2025-09-22T10:14:06+00:00\" \/>\n<meta property=\"og:image\" content=\"https:\/\/www.ausolan.com\/wp-content\/uploads\/2025\/09\/Susana-1.jpg\" \/>\n\t<meta property=\"og:image:width\" content=\"767\" \/>\n\t<meta property=\"og:image:height\" content=\"410\" \/>\n\t<meta property=\"og:image:type\" content=\"image\/jpeg\" \/>\n<meta name=\"author\" content=\"ausolan\" \/>\n<meta name=\"twitter:card\" content=\"summary_large_image\" \/>\n<meta name=\"twitter:label1\" content=\"Escrit per\" \/>\n\t<meta name=\"twitter:data1\" content=\"ausolan\" \/>\n\t<meta name=\"twitter:label2\" content=\"Temps estimat de lectura\" \/>\n\t<meta name=\"twitter:data2\" content=\"2 minuts\" \/>\n<script type=\"application\/ld+json\" class=\"yoast-schema-graph\">{\"@context\":\"https:\/\/schema.org\",\"@graph\":[{\"@type\":\"WebPage\",\"@id\":\"https:\/\/www.ausolan.com\/ca\/actualitat\/reportaje-orain-sobre-la-gestion-de-dietas-especiales-de-ausolan\/\",\"url\":\"https:\/\/www.ausolan.com\/ca\/actualitat\/reportaje-orain-sobre-la-gestion-de-dietas-especiales-de-ausolan\/\",\"name\":\"Reportatge Orain sobre la gesti\u00f3 de dietes especials d\u2019Ausolan | Ausolan\",\"isPartOf\":{\"@id\":\"https:\/\/www.ausolan.com\/ca\/#website\"},\"primaryImageOfPage\":{\"@id\":\"https:\/\/www.ausolan.com\/ca\/actualitat\/reportaje-orain-sobre-la-gestion-de-dietas-especiales-de-ausolan\/#primaryimage\"},\"image\":{\"@id\":\"https:\/\/www.ausolan.com\/ca\/actualitat\/reportaje-orain-sobre-la-gestion-de-dietas-especiales-de-ausolan\/#primaryimage\"},\"thumbnailUrl\":\"\/wp-content\/uploads\/2025\/09\/Susana-1.jpg\",\"datePublished\":\"2025-09-19T09:15:16+00:00\",\"dateModified\":\"2025-09-22T10:14:06+00:00\",\"author\":{\"@id\":\"https:\/\/www.ausolan.com\/ca\/#\/schema\/person\/569b7059e96c50f7ad76b6c44b5e3015\"},\"breadcrumb\":{\"@id\":\"https:\/\/www.ausolan.com\/ca\/actualitat\/reportaje-orain-sobre-la-gestion-de-dietas-especiales-de-ausolan\/#breadcrumb\"},\"inLanguage\":\"ca\",\"potentialAction\":[{\"@type\":\"ReadAction\",\"target\":[\"https:\/\/www.ausolan.com\/ca\/actualitat\/reportaje-orain-sobre-la-gestion-de-dietas-especiales-de-ausolan\/\"]}]},{\"@type\":\"ImageObject\",\"inLanguage\":\"ca\",\"@id\":\"https:\/\/www.ausolan.com\/ca\/actualitat\/reportaje-orain-sobre-la-gestion-de-dietas-especiales-de-ausolan\/#primaryimage\",\"url\":\"\/wp-content\/uploads\/2025\/09\/Susana-1.jpg\",\"contentUrl\":\"\/wp-content\/uploads\/2025\/09\/Susana-1.jpg\",\"width\":767,\"height\":410},{\"@type\":\"BreadcrumbList\",\"@id\":\"https:\/\/www.ausolan.com\/ca\/actualitat\/reportaje-orain-sobre-la-gestion-de-dietas-especiales-de-ausolan\/#breadcrumb\",\"itemListElement\":[{\"@type\":\"ListItem\",\"position\":1,\"name\":\"Portada\",\"item\":\"https:\/\/www.ausolan.com\/ca\/\"},{\"@type\":\"ListItem\",\"position\":2,\"name\":\"Reportatge Orain sobre la gesti\u00f3 de dietes especials d\u2019Ausolan\"}]},{\"@type\":\"WebSite\",\"@id\":\"https:\/\/www.ausolan.com\/ca\/#website\",\"url\":\"https:\/\/www.ausolan.com\/ca\/\",\"name\":\"Ausolan\",\"description\":\"Restauraci\u00f3 i neteja col\u00b7lectiva\",\"potentialAction\":[{\"@type\":\"SearchAction\",\"target\":{\"@type\":\"EntryPoint\",\"urlTemplate\":\"https:\/\/www.ausolan.com\/ca\/?s={search_term_string}\"},\"query-input\":{\"@type\":\"PropertyValueSpecification\",\"valueRequired\":true,\"valueName\":\"search_term_string\"}}],\"inLanguage\":\"ca\"},{\"@type\":\"Person\",\"@id\":\"https:\/\/www.ausolan.com\/ca\/#\/schema\/person\/569b7059e96c50f7ad76b6c44b5e3015\",\"name\":\"ausolan\",\"image\":{\"@type\":\"ImageObject\",\"inLanguage\":\"ca\",\"@id\":\"https:\/\/www.ausolan.com\/ca\/#\/schema\/person\/image\/\",\"url\":\"https:\/\/secure.gravatar.com\/avatar\/90cdb1518b5f37dba0ba233a32cd632e?s=96&d=mm&r=g\",\"contentUrl\":\"https:\/\/secure.gravatar.com\/avatar\/90cdb1518b5f37dba0ba233a32cd632e?s=96&d=mm&r=g\",\"caption\":\"ausolan\"},\"sameAs\":[\"https:\/\/www.ausolan.com\"],\"url\":\"https:\/\/www.ausolan.com\/ca\/author\/ausolan\/\"}]}<\/script>\n<!-- \/ Yoast SEO plugin. -->","yoast_head_json":{"title":"Reportatge Orain sobre la gesti\u00f3 de dietes especials d\u2019Ausolan | Ausolan","robots":{"index":"index","follow":"follow","max-snippet":"max-snippet:-1","max-image-preview":"max-image-preview:large","max-video-preview":"max-video-preview:-1"},"canonical":"https:\/\/www.ausolan.com\/ca\/actualitat\/reportaje-orain-sobre-la-gestion-de-dietas-especiales-de-ausolan\/","og_locale":"ca_ES","og_type":"article","og_title":"Reportatge Orain sobre la gesti\u00f3 de dietes especials d\u2019Ausolan | Ausolan","og_description":"El mitj\u00e0 digital d\u2019EITB, Orain, ha fet un reportatge sobre l\u2019augment de les dietes especials i com es gestionen als menjadors escolars. Per fer-lo, ha entrevistat la nostra t\u00e8cnica de qualitat&nbsp;a Navarra, Susana Tom\u00e1s. I \u00e9s que, tal com recull el reportatge, l\u2019augment&nbsp;d\u2019intoler\u00e0ncies&nbsp;i al\u00b7l\u00e8rgies&nbsp;o les peticions de men\u00fas vegetarians ha multiplicat el nombre de dietes [&hellip;]","og_url":"https:\/\/www.ausolan.com\/ca\/actualitat\/reportaje-orain-sobre-la-gestion-de-dietas-especiales-de-ausolan\/","og_site_name":"Ausolan","article_published_time":"2025-09-19T09:15:16+00:00","article_modified_time":"2025-09-22T10:14:06+00:00","og_image":[{"width":767,"height":410,"url":"https:\/\/www.ausolan.com\/wp-content\/uploads\/2025\/09\/Susana-1.jpg","type":"image\/jpeg"}],"author":"ausolan","twitter_card":"summary_large_image","twitter_misc":{"Escrit per":"ausolan","Temps estimat de lectura":"2 minuts"},"schema":{"@context":"https:\/\/schema.org","@graph":[{"@type":"WebPage","@id":"https:\/\/www.ausolan.com\/ca\/actualitat\/reportaje-orain-sobre-la-gestion-de-dietas-especiales-de-ausolan\/","url":"https:\/\/www.ausolan.com\/ca\/actualitat\/reportaje-orain-sobre-la-gestion-de-dietas-especiales-de-ausolan\/","name":"Reportatge Orain sobre la gesti\u00f3 de dietes especials d\u2019Ausolan | Ausolan","isPartOf":{"@id":"https:\/\/www.ausolan.com\/ca\/#website"},"primaryImageOfPage":{"@id":"https:\/\/www.ausolan.com\/ca\/actualitat\/reportaje-orain-sobre-la-gestion-de-dietas-especiales-de-ausolan\/#primaryimage"},"image":{"@id":"https:\/\/www.ausolan.com\/ca\/actualitat\/reportaje-orain-sobre-la-gestion-de-dietas-especiales-de-ausolan\/#primaryimage"},"thumbnailUrl":"\/wp-content\/uploads\/2025\/09\/Susana-1.jpg","datePublished":"2025-09-19T09:15:16+00:00","dateModified":"2025-09-22T10:14:06+00:00","author":{"@id":"https:\/\/www.ausolan.com\/ca\/#\/schema\/person\/569b7059e96c50f7ad76b6c44b5e3015"},"breadcrumb":{"@id":"https:\/\/www.ausolan.com\/ca\/actualitat\/reportaje-orain-sobre-la-gestion-de-dietas-especiales-de-ausolan\/#breadcrumb"},"inLanguage":"ca","potentialAction":[{"@type":"ReadAction","target":["https:\/\/www.ausolan.com\/ca\/actualitat\/reportaje-orain-sobre-la-gestion-de-dietas-especiales-de-ausolan\/"]}]},{"@type":"ImageObject","inLanguage":"ca","@id":"https:\/\/www.ausolan.com\/ca\/actualitat\/reportaje-orain-sobre-la-gestion-de-dietas-especiales-de-ausolan\/#primaryimage","url":"\/wp-content\/uploads\/2025\/09\/Susana-1.jpg","contentUrl":"\/wp-content\/uploads\/2025\/09\/Susana-1.jpg","width":767,"height":410},{"@type":"BreadcrumbList","@id":"https:\/\/www.ausolan.com\/ca\/actualitat\/reportaje-orain-sobre-la-gestion-de-dietas-especiales-de-ausolan\/#breadcrumb","itemListElement":[{"@type":"ListItem","position":1,"name":"Portada","item":"https:\/\/www.ausolan.com\/ca\/"},{"@type":"ListItem","position":2,"name":"Reportatge Orain sobre la gesti\u00f3 de dietes especials d\u2019Ausolan"}]},{"@type":"WebSite","@id":"https:\/\/www.ausolan.com\/ca\/#website","url":"https:\/\/www.ausolan.com\/ca\/","name":"Ausolan","description":"Restauraci\u00f3 i neteja col\u00b7lectiva","potentialAction":[{"@type":"SearchAction","target":{"@type":"EntryPoint","urlTemplate":"https:\/\/www.ausolan.com\/ca\/?s={search_term_string}"},"query-input":{"@type":"PropertyValueSpecification","valueRequired":true,"valueName":"search_term_string"}}],"inLanguage":"ca"},{"@type":"Person","@id":"https:\/\/www.ausolan.com\/ca\/#\/schema\/person\/569b7059e96c50f7ad76b6c44b5e3015","name":"ausolan","image":{"@type":"ImageObject","inLanguage":"ca","@id":"https:\/\/www.ausolan.com\/ca\/#\/schema\/person\/image\/","url":"https:\/\/secure.gravatar.com\/avatar\/90cdb1518b5f37dba0ba233a32cd632e?s=96&d=mm&r=g","contentUrl":"https:\/\/secure.gravatar.com\/avatar\/90cdb1518b5f37dba0ba233a32cd632e?s=96&d=mm&r=g","caption":"ausolan"},"sameAs":["https:\/\/www.ausolan.com"],"url":"https:\/\/www.ausolan.com\/ca\/author\/ausolan\/"}]}},"_links":{"self":[{"href":"https:\/\/www.ausolan.com\/ca\/wp-json\/wp\/v2\/posts\/3688","targetHints":{"allow":["GET"]}}],"collection":[{"href":"https:\/\/www.ausolan.com\/ca\/wp-json\/wp\/v2\/posts"}],"about":[{"href":"https:\/\/www.ausolan.com\/ca\/wp-json\/wp\/v2\/types\/post"}],"author":[{"embeddable":true,"href":"https:\/\/www.ausolan.com\/ca\/wp-json\/wp\/v2\/users\/1"}],"replies":[{"embeddable":true,"href":"https:\/\/www.ausolan.com\/ca\/wp-json\/wp\/v2\/comments?post=3688"}],"version-history":[{"count":0,"href":"https:\/\/www.ausolan.com\/ca\/wp-json\/wp\/v2\/posts\/3688\/revisions"}],"wp:featuredmedia":[{"embeddable":true,"href":"https:\/\/www.ausolan.com\/ca\/wp-json\/wp\/v2\/media\/3685"}],"wp:attachment":[{"href":"https:\/\/www.ausolan.com\/ca\/wp-json\/wp\/v2\/media?parent=3688"}],"wp:term":[{"taxonomy":"category","embeddable":true,"href":"https:\/\/www.ausolan.com\/ca\/wp-json\/wp\/v2\/categories?post=3688"},{"taxonomy":"post_tag","embeddable":true,"href":"https:\/\/www.ausolan.com\/ca\/wp-json\/wp\/v2\/tags?post=3688"}],"curies":[{"name":"wp","href":"https:\/\/api.w.org\/{rel}","templated":true}]}}