{"id":3315,"date":"2025-02-13T11:17:28","date_gmt":"2025-02-13T10:17:28","guid":{"rendered":"https:\/\/www.ausolan.com\/?p=3315"},"modified":"2025-02-13T11:19:50","modified_gmt":"2025-02-13T10:19:50","slug":"ausolan-i-florette-apropen-a-4-000-escolars-els-beneficis-dels-vegetals","status":"publish","type":"post","link":"https:\/\/www.ausolan.com\/ca\/actualitat\/ausolan-i-florette-apropen-a-4-000-escolars-els-beneficis-dels-vegetals\/","title":{"rendered":"Ausolan i Florette apropen a 4.000\u00a0escolars els beneficis dels vegetals"},"content":{"rendered":"\n<ul class=\"wp-block-list\">\n<li>Aquesta aposta per l\u2019alimentaci\u00f3 saludable arriba a la quarta edici\u00f3 adre\u00e7ada a l\u2019alumnat d\u2019infantil i prim\u00e0ria \u2014de 3 a 12&nbsp;anys\u2014 i ensenya la import\u00e0ncia d\u2019aprendre \u2014des de la infantesa\u2014 a menjar amb consci\u00e8ncia i de manera saludable per sentir-se b\u00e9.<\/li>\n\n\n\n<li>La nova edici\u00f3, que impactar\u00e0 en m\u00e9s de 4.000&nbsp;escolars, incorpora novetats amb activitats de mem\u00f2ria, concursos i el moment que m\u00e9s demanen tots els infants, el taller de muntatge i degustaci\u00f3 de plats, \u201cWrap O\u2019clock\u201d.<\/li>\n\n\n\n<li>La iniciativa ensenyar\u00e0 la relaci\u00f3 entre l\u2019alimentaci\u00f3 i les emocions i com m\u00e9s consum de fruita i verdura ajuda a tenir m\u00e9s energia, vitalitat i millor estat an\u00edmic.<\/li>\n<\/ul>\n\n\n\n<p>La companyia de restauraci\u00f3 col\u00b7lectiva<strong> Ausolan<\/strong>, en col\u00b7laboraci\u00f3 amb <strong>Florette<\/strong>, l\u00edder en la producci\u00f3 d\u2019amanides a punt per consumir, presenten la quarta edici\u00f3 del programa educatiu \u201c<strong>Els vegetals conreen emocions<\/strong>\u201d. L\u2019objectiu d\u2019aquesta iniciativa \u00e9s promoure h\u00e0bits alimentaris saludables des de la infantesa i destacar la connexi\u00f3 entre l\u2019alimentaci\u00f3 i el benestar emocional.<\/p>\n\n\n\n<p>Aquest any, la iniciativa arribar\u00e0 a m\u00e9s de 4.000&nbsp;estudiants d\u2019educaci\u00f3 infantil i prim\u00e0ria, d\u2019entre 3 i 12&nbsp;anys, al Pa\u00eds Basc i Navarra. M\u00e9s de 30&nbsp;centres escolars aprendran, a trav\u00e9s de tallers interactius i activitats l\u00fadiques, la import\u00e0ncia de consumir fruita i verdura di\u00e0riament per obtenir m\u00e9s energia, vitalitat i un millor estat d\u2019\u00e0nim.<\/p>\n\n\n\n<p>L\u2019activitat, emmarcada en el Projecte Educatiu d\u2019Ausolan durant el menjador escolar, cerca \u201c<em>que els infants descobreixin que menjar b\u00e9 no nom\u00e9s \u00e9s saludable, sin\u00f3 tamb\u00e9 divertit i benefici\u00f3s per al seu benestar emocional<\/em>\u201d, assenyala l\u2019<strong>equip del Projecte Educatiu d\u2019Ausolan<\/strong>.<\/p>\n\n\n\n<p>L\u2019alumnat aprendr\u00e0 a menjar, cada dia, un men\u00fa amb cinc \u201cesses\u201d (sa, saludable, segur, sostenible i sabor\u00f3s) amb la verdura i la fruita com a aliments protagonistes per aconseguir harmonia emocional.<\/p>\n\n\n\n<p>Un prop\u00f2sit totalment alineat amb la convicci\u00f3 de Florette que, tal com afirma <strong>Ferm\u00edn Aldaz, director comercial i de m\u00e0rqueting de Florette Ib\u00e9rica, <\/strong>\u201c<em>una alimentaci\u00f3 saludable \u00e9s la base per a una vida millor. Si aconseguim que els infants descobreixin des de petits els beneficis dels vegetals frescos i locals, estarem contribuint a la creaci\u00f3 d\u2019h\u00e0bits que els acompanyaran tota la vida<\/em>\u201d.<\/p>\n\n\n\n<p><strong><u>Un taller d\u2019activitats per aprendre a menjar millor<\/u><\/strong><\/p>\n\n\n\n<p>Amb el nom \u201cEls vegetals conreen emocions\u201d, el primer taller arrenca avui, estar\u00e0 en marxa fins al 30 de maig i viatjar\u00e0 per m\u00e9s de 30&nbsp;centres escolars amb un conjunt d\u2019accions que es desenvoluparan, cada setmana, amb pr\u00e0ctiques adaptades a cada nivell d\u2019edat.<\/p>\n\n\n\n<p>L\u2019alumnat aprendr\u00e0 que els vegetals i les fruites s\u00f3n tresors nutricionals i que els seus components, com les vitamines i els minerals, s\u00f3n imprescindibles per sentir-nos b\u00e9 i ser feli\u00e7os.<\/p>\n\n\n\n<p>Una de les novetats d\u2019aquesta edici\u00f3 \u00e9s la incorporaci\u00f3 del taller \u201cWrap O\u2019Clock\u201d, en qu\u00e8 els estudiants participaran en la preparaci\u00f3 i la degustaci\u00f3 de <em>wraps <\/em>saludables, a fi de fomentar la creativitat culin\u00e0ria i refor\u00e7ar el missatge de consumir cinc&nbsp;racions di\u00e0ries de fruita i verdura. A m\u00e9s, s\u2019introduiran din\u00e0miques de mem\u00f2ria i concursos que relacionen diferents vegetals amb emocions positives, la qual cosa facilita l\u2019aprenentatge de manera divertida i efectiva.<\/p>\n\n\n\n<p>Aquest esfor\u00e7 conjunt d\u2019Ausolan i Florette s\u2019alinea amb les recomanacions recents del Ministeri de Drets Socials i Agenda 2030, que advoquen per una alimentaci\u00f3 m\u00e9s saludable i sostenible als menjadors escolars; promou el consum de fruita, verdura i llegums, i limita els aliments ultraprocessats i les begudes ensucrades.<\/p>\n","protected":false},"excerpt":{"rendered":"<p>La companyia de restauraci\u00f3 col\u00b7lectiva Ausolan, en col\u00b7laboraci\u00f3 amb Florette, l\u00edder en la producci\u00f3 d\u2019amanides a punt per consumir, presenten la quarta edici\u00f3 del programa educatiu \u201cEls vegetals conreen emocions\u201d. L\u2019objectiu d\u2019aquesta iniciativa \u00e9s promoure h\u00e0bits alimentaris saludables des de la infantesa i destacar la connexi\u00f3 entre l\u2019alimentaci\u00f3 i el benestar emocional. Aquest any, la [&hellip;]<\/p>\n","protected":false},"author":1,"featured_media":3313,"comment_status":"closed","ping_status":"closed","sticky":false,"template":"","format":"standard","meta":{"_acf_changed":false,"footnotes":""},"categories":[83],"tags":[],"class_list":["post-3315","post","type-post","status-publish","format-standard","has-post-thumbnail","hentry","category-dia-a-dia-ca"],"acf":[],"yoast_head":"<!-- This site is optimized with the Yoast SEO plugin v24.8.1 - https:\/\/yoast.com\/wordpress\/plugins\/seo\/ -->\n<title>Ausolan i Florette apropen a 4.000\u00a0escolars els beneficis dels vegetals | Ausolan<\/title>\n<meta name=\"robots\" content=\"index, follow, max-snippet:-1, max-image-preview:large, max-video-preview:-1\" \/>\n<link rel=\"canonical\" href=\"https:\/\/www.ausolan.com\/ca\/actualitat\/ausolan-i-florette-apropen-a-4-000-escolars-els-beneficis-dels-vegetals\/\" \/>\n<meta property=\"og:locale\" content=\"ca_ES\" \/>\n<meta property=\"og:type\" content=\"article\" \/>\n<meta property=\"og:title\" content=\"Ausolan i Florette apropen a 4.000\u00a0escolars els beneficis dels vegetals | Ausolan\" \/>\n<meta property=\"og:description\" content=\"La companyia de restauraci\u00f3 col\u00b7lectiva Ausolan, en col\u00b7laboraci\u00f3 amb Florette, l\u00edder en la producci\u00f3 d\u2019amanides a punt per consumir, presenten la quarta edici\u00f3 del programa educatiu \u201cEls vegetals conreen emocions\u201d. L\u2019objectiu d\u2019aquesta iniciativa \u00e9s promoure h\u00e0bits alimentaris saludables des de la infantesa i destacar la connexi\u00f3 entre l\u2019alimentaci\u00f3 i el benestar emocional. Aquest any, la [&hellip;]\" \/>\n<meta property=\"og:url\" content=\"https:\/\/www.ausolan.com\/ca\/actualitat\/ausolan-i-florette-apropen-a-4-000-escolars-els-beneficis-dels-vegetals\/\" \/>\n<meta property=\"og:site_name\" content=\"Ausolan\" \/>\n<meta property=\"article:published_time\" content=\"2025-02-13T10:17:28+00:00\" \/>\n<meta property=\"article:modified_time\" content=\"2025-02-13T10:19:50+00:00\" \/>\n<meta property=\"og:image\" content=\"https:\/\/www.ausolan.com\/wp-content\/uploads\/2025\/02\/foto-florette-NDP-13022025-scaled.jpg\" \/>\n\t<meta property=\"og:image:width\" content=\"2560\" \/>\n\t<meta property=\"og:image:height\" content=\"1664\" \/>\n\t<meta property=\"og:image:type\" content=\"image\/jpeg\" \/>\n<meta name=\"author\" content=\"ausolan\" \/>\n<meta name=\"twitter:card\" content=\"summary_large_image\" \/>\n<meta name=\"twitter:label1\" content=\"Escrit per\" \/>\n\t<meta name=\"twitter:data1\" content=\"ausolan\" \/>\n\t<meta name=\"twitter:label2\" content=\"Temps estimat de lectura\" \/>\n\t<meta name=\"twitter:data2\" content=\"3 minuts\" \/>\n<script type=\"application\/ld+json\" class=\"yoast-schema-graph\">{\"@context\":\"https:\/\/schema.org\",\"@graph\":[{\"@type\":\"WebPage\",\"@id\":\"https:\/\/www.ausolan.com\/ca\/actualitat\/ausolan-i-florette-apropen-a-4-000-escolars-els-beneficis-dels-vegetals\/\",\"url\":\"https:\/\/www.ausolan.com\/ca\/actualitat\/ausolan-i-florette-apropen-a-4-000-escolars-els-beneficis-dels-vegetals\/\",\"name\":\"Ausolan i Florette apropen a 4.000\u00a0escolars els beneficis dels vegetals | Ausolan\",\"isPartOf\":{\"@id\":\"https:\/\/www.ausolan.com\/ca\/#website\"},\"primaryImageOfPage\":{\"@id\":\"https:\/\/www.ausolan.com\/ca\/actualitat\/ausolan-i-florette-apropen-a-4-000-escolars-els-beneficis-dels-vegetals\/#primaryimage\"},\"image\":{\"@id\":\"https:\/\/www.ausolan.com\/ca\/actualitat\/ausolan-i-florette-apropen-a-4-000-escolars-els-beneficis-dels-vegetals\/#primaryimage\"},\"thumbnailUrl\":\"\/wp-content\/uploads\/2025\/02\/foto-florette-NDP-13022025-scaled.jpg\",\"datePublished\":\"2025-02-13T10:17:28+00:00\",\"dateModified\":\"2025-02-13T10:19:50+00:00\",\"author\":{\"@id\":\"https:\/\/www.ausolan.com\/ca\/#\/schema\/person\/569b7059e96c50f7ad76b6c44b5e3015\"},\"breadcrumb\":{\"@id\":\"https:\/\/www.ausolan.com\/ca\/actualitat\/ausolan-i-florette-apropen-a-4-000-escolars-els-beneficis-dels-vegetals\/#breadcrumb\"},\"inLanguage\":\"ca\",\"potentialAction\":[{\"@type\":\"ReadAction\",\"target\":[\"https:\/\/www.ausolan.com\/ca\/actualitat\/ausolan-i-florette-apropen-a-4-000-escolars-els-beneficis-dels-vegetals\/\"]}]},{\"@type\":\"ImageObject\",\"inLanguage\":\"ca\",\"@id\":\"https:\/\/www.ausolan.com\/ca\/actualitat\/ausolan-i-florette-apropen-a-4-000-escolars-els-beneficis-dels-vegetals\/#primaryimage\",\"url\":\"\/wp-content\/uploads\/2025\/02\/foto-florette-NDP-13022025-scaled.jpg\",\"contentUrl\":\"\/wp-content\/uploads\/2025\/02\/foto-florette-NDP-13022025-scaled.jpg\",\"width\":2560,\"height\":1664},{\"@type\":\"BreadcrumbList\",\"@id\":\"https:\/\/www.ausolan.com\/ca\/actualitat\/ausolan-i-florette-apropen-a-4-000-escolars-els-beneficis-dels-vegetals\/#breadcrumb\",\"itemListElement\":[{\"@type\":\"ListItem\",\"position\":1,\"name\":\"Portada\",\"item\":\"https:\/\/www.ausolan.com\/ca\/\"},{\"@type\":\"ListItem\",\"position\":2,\"name\":\"Ausolan i Florette apropen a 4.000\u00a0escolars els beneficis dels vegetals\"}]},{\"@type\":\"WebSite\",\"@id\":\"https:\/\/www.ausolan.com\/ca\/#website\",\"url\":\"https:\/\/www.ausolan.com\/ca\/\",\"name\":\"Ausolan\",\"description\":\"Restauraci\u00f3 i neteja col\u00b7lectiva\",\"potentialAction\":[{\"@type\":\"SearchAction\",\"target\":{\"@type\":\"EntryPoint\",\"urlTemplate\":\"https:\/\/www.ausolan.com\/ca\/?s={search_term_string}\"},\"query-input\":{\"@type\":\"PropertyValueSpecification\",\"valueRequired\":true,\"valueName\":\"search_term_string\"}}],\"inLanguage\":\"ca\"},{\"@type\":\"Person\",\"@id\":\"https:\/\/www.ausolan.com\/ca\/#\/schema\/person\/569b7059e96c50f7ad76b6c44b5e3015\",\"name\":\"ausolan\",\"image\":{\"@type\":\"ImageObject\",\"inLanguage\":\"ca\",\"@id\":\"https:\/\/www.ausolan.com\/ca\/#\/schema\/person\/image\/\",\"url\":\"https:\/\/secure.gravatar.com\/avatar\/90cdb1518b5f37dba0ba233a32cd632e?s=96&d=mm&r=g\",\"contentUrl\":\"https:\/\/secure.gravatar.com\/avatar\/90cdb1518b5f37dba0ba233a32cd632e?s=96&d=mm&r=g\",\"caption\":\"ausolan\"},\"sameAs\":[\"https:\/\/www.ausolan.com\"],\"url\":\"https:\/\/www.ausolan.com\/ca\/author\/ausolan\/\"}]}<\/script>\n<!-- \/ Yoast SEO plugin. -->","yoast_head_json":{"title":"Ausolan i Florette apropen a 4.000\u00a0escolars els beneficis dels vegetals | Ausolan","robots":{"index":"index","follow":"follow","max-snippet":"max-snippet:-1","max-image-preview":"max-image-preview:large","max-video-preview":"max-video-preview:-1"},"canonical":"https:\/\/www.ausolan.com\/ca\/actualitat\/ausolan-i-florette-apropen-a-4-000-escolars-els-beneficis-dels-vegetals\/","og_locale":"ca_ES","og_type":"article","og_title":"Ausolan i Florette apropen a 4.000\u00a0escolars els beneficis dels vegetals | Ausolan","og_description":"La companyia de restauraci\u00f3 col\u00b7lectiva Ausolan, en col\u00b7laboraci\u00f3 amb Florette, l\u00edder en la producci\u00f3 d\u2019amanides a punt per consumir, presenten la quarta edici\u00f3 del programa educatiu \u201cEls vegetals conreen emocions\u201d. L\u2019objectiu d\u2019aquesta iniciativa \u00e9s promoure h\u00e0bits alimentaris saludables des de la infantesa i destacar la connexi\u00f3 entre l\u2019alimentaci\u00f3 i el benestar emocional. Aquest any, la [&hellip;]","og_url":"https:\/\/www.ausolan.com\/ca\/actualitat\/ausolan-i-florette-apropen-a-4-000-escolars-els-beneficis-dels-vegetals\/","og_site_name":"Ausolan","article_published_time":"2025-02-13T10:17:28+00:00","article_modified_time":"2025-02-13T10:19:50+00:00","og_image":[{"width":2560,"height":1664,"url":"https:\/\/www.ausolan.com\/wp-content\/uploads\/2025\/02\/foto-florette-NDP-13022025-scaled.jpg","type":"image\/jpeg"}],"author":"ausolan","twitter_card":"summary_large_image","twitter_misc":{"Escrit per":"ausolan","Temps estimat de lectura":"3 minuts"},"schema":{"@context":"https:\/\/schema.org","@graph":[{"@type":"WebPage","@id":"https:\/\/www.ausolan.com\/ca\/actualitat\/ausolan-i-florette-apropen-a-4-000-escolars-els-beneficis-dels-vegetals\/","url":"https:\/\/www.ausolan.com\/ca\/actualitat\/ausolan-i-florette-apropen-a-4-000-escolars-els-beneficis-dels-vegetals\/","name":"Ausolan i Florette apropen a 4.000\u00a0escolars els beneficis dels vegetals | Ausolan","isPartOf":{"@id":"https:\/\/www.ausolan.com\/ca\/#website"},"primaryImageOfPage":{"@id":"https:\/\/www.ausolan.com\/ca\/actualitat\/ausolan-i-florette-apropen-a-4-000-escolars-els-beneficis-dels-vegetals\/#primaryimage"},"image":{"@id":"https:\/\/www.ausolan.com\/ca\/actualitat\/ausolan-i-florette-apropen-a-4-000-escolars-els-beneficis-dels-vegetals\/#primaryimage"},"thumbnailUrl":"\/wp-content\/uploads\/2025\/02\/foto-florette-NDP-13022025-scaled.jpg","datePublished":"2025-02-13T10:17:28+00:00","dateModified":"2025-02-13T10:19:50+00:00","author":{"@id":"https:\/\/www.ausolan.com\/ca\/#\/schema\/person\/569b7059e96c50f7ad76b6c44b5e3015"},"breadcrumb":{"@id":"https:\/\/www.ausolan.com\/ca\/actualitat\/ausolan-i-florette-apropen-a-4-000-escolars-els-beneficis-dels-vegetals\/#breadcrumb"},"inLanguage":"ca","potentialAction":[{"@type":"ReadAction","target":["https:\/\/www.ausolan.com\/ca\/actualitat\/ausolan-i-florette-apropen-a-4-000-escolars-els-beneficis-dels-vegetals\/"]}]},{"@type":"ImageObject","inLanguage":"ca","@id":"https:\/\/www.ausolan.com\/ca\/actualitat\/ausolan-i-florette-apropen-a-4-000-escolars-els-beneficis-dels-vegetals\/#primaryimage","url":"\/wp-content\/uploads\/2025\/02\/foto-florette-NDP-13022025-scaled.jpg","contentUrl":"\/wp-content\/uploads\/2025\/02\/foto-florette-NDP-13022025-scaled.jpg","width":2560,"height":1664},{"@type":"BreadcrumbList","@id":"https:\/\/www.ausolan.com\/ca\/actualitat\/ausolan-i-florette-apropen-a-4-000-escolars-els-beneficis-dels-vegetals\/#breadcrumb","itemListElement":[{"@type":"ListItem","position":1,"name":"Portada","item":"https:\/\/www.ausolan.com\/ca\/"},{"@type":"ListItem","position":2,"name":"Ausolan i Florette apropen a 4.000\u00a0escolars els beneficis dels vegetals"}]},{"@type":"WebSite","@id":"https:\/\/www.ausolan.com\/ca\/#website","url":"https:\/\/www.ausolan.com\/ca\/","name":"Ausolan","description":"Restauraci\u00f3 i neteja col\u00b7lectiva","potentialAction":[{"@type":"SearchAction","target":{"@type":"EntryPoint","urlTemplate":"https:\/\/www.ausolan.com\/ca\/?s={search_term_string}"},"query-input":{"@type":"PropertyValueSpecification","valueRequired":true,"valueName":"search_term_string"}}],"inLanguage":"ca"},{"@type":"Person","@id":"https:\/\/www.ausolan.com\/ca\/#\/schema\/person\/569b7059e96c50f7ad76b6c44b5e3015","name":"ausolan","image":{"@type":"ImageObject","inLanguage":"ca","@id":"https:\/\/www.ausolan.com\/ca\/#\/schema\/person\/image\/","url":"https:\/\/secure.gravatar.com\/avatar\/90cdb1518b5f37dba0ba233a32cd632e?s=96&d=mm&r=g","contentUrl":"https:\/\/secure.gravatar.com\/avatar\/90cdb1518b5f37dba0ba233a32cd632e?s=96&d=mm&r=g","caption":"ausolan"},"sameAs":["https:\/\/www.ausolan.com"],"url":"https:\/\/www.ausolan.com\/ca\/author\/ausolan\/"}]}},"_links":{"self":[{"href":"https:\/\/www.ausolan.com\/ca\/wp-json\/wp\/v2\/posts\/3315","targetHints":{"allow":["GET"]}}],"collection":[{"href":"https:\/\/www.ausolan.com\/ca\/wp-json\/wp\/v2\/posts"}],"about":[{"href":"https:\/\/www.ausolan.com\/ca\/wp-json\/wp\/v2\/types\/post"}],"author":[{"embeddable":true,"href":"https:\/\/www.ausolan.com\/ca\/wp-json\/wp\/v2\/users\/1"}],"replies":[{"embeddable":true,"href":"https:\/\/www.ausolan.com\/ca\/wp-json\/wp\/v2\/comments?post=3315"}],"version-history":[{"count":0,"href":"https:\/\/www.ausolan.com\/ca\/wp-json\/wp\/v2\/posts\/3315\/revisions"}],"wp:featuredmedia":[{"embeddable":true,"href":"https:\/\/www.ausolan.com\/ca\/wp-json\/wp\/v2\/media\/3313"}],"wp:attachment":[{"href":"https:\/\/www.ausolan.com\/ca\/wp-json\/wp\/v2\/media?parent=3315"}],"wp:term":[{"taxonomy":"category","embeddable":true,"href":"https:\/\/www.ausolan.com\/ca\/wp-json\/wp\/v2\/categories?post=3315"},{"taxonomy":"post_tag","embeddable":true,"href":"https:\/\/www.ausolan.com\/ca\/wp-json\/wp\/v2\/tags?post=3315"}],"curies":[{"name":"wp","href":"https:\/\/api.w.org\/{rel}","templated":true}]}}