{"id":3227,"date":"2024-11-18T16:03:32","date_gmt":"2024-11-18T15:03:32","guid":{"rendered":"https:\/\/www.ausolan.com\/?p=3227"},"modified":"2024-11-18T17:40:05","modified_gmt":"2024-11-18T16:40:05","slug":"mondragon-ret-homenatge-a-les-17-dones-fundadores-dausolan-amb-un-carrer-en-honor-seu","status":"publish","type":"post","link":"https:\/\/www.ausolan.com\/ca\/actualitat\/mondragon-ret-homenatge-a-les-17-dones-fundadores-dausolan-amb-un-carrer-en-honor-seu\/","title":{"rendered":"Mondrag\u00f3n ret homenatge a les 17 dones fundadores d\u2019Ausolan amb un carrer en honor seu"},"content":{"rendered":"\n<p>Ahir, 17 de novembre, l\u2019Ajuntament de Mondrag\u00f3n va inaugurar un carrer nou amb el nom \u00ab<em>17 Emakume<\/em>\u00bb (17 dones), on fins era el carrer Alfonso VIII. Un homenatge a les 17 dones valentes i pioneres que van fundar l\u2019empresa Auzo Lagun l\u2019any 1969, avui coneguda amb el nom Ausolan.<\/p>\n\n\n\n<p>A l\u2019acte, organitzat per l\u2019associaci\u00f3 Zuztarrak Errotuz amb el suport de l\u2019Ajuntament d\u2019Arrasate, van participar l\u2019alcaldessa municipal (Maider Morras), M\u00aa Dolores Albisua i Mercedes Mogilincki, dues les 17 dones pioneres que, durant la jornada, van compartir el seu testimoni sobre el llegat que van promoure ja fa m\u00e9s de mig segle.<\/p>\n\n\n\n<p>\u00abAquestes 17 dones van destacar pel seu comprom\u00eds amb l\u2019emprenedoria, l\u2019empoderament i els drets de les dones en una \u00e8poca complexa com era l\u2019any 1969\u00bb. De fet, gr\u00e0cies a elles es va crear la primera escola bressol laboral a Espanya, avui coneguda amb el nom Umezaintza.<\/p>\n\n\n\n<p>El carrer <em>17 Emakume<\/em> \u00e9s un reconeixement a l\u2019impacte i els valors instaurats per aquestes dones i que encara avui perduren en un equip de m\u00e9s d\u201911.000 professionals, moltes de les quals s\u00f3n dones.<\/p>\n\n\n\n<p>Aquesta fita \u00e9s un tribut al llegat i la inspiraci\u00f3 que ens van deixar. Els seus valors estan presents ens les nostres accions di\u00e0ries i ens guien cap al futur.<\/p>\n\n\n\n<figure class=\"wp-block-image size-large\"><img decoding=\"async\" width=\"1024\" height=\"576\" data-src=\"\/wp-content\/uploads\/2024\/11\/Ausolan_Post-X-FB-Lk-1-1-1024x576.png\" alt=\"\" class=\"wp-image-3254 lazyload\" data-srcset=\"\/wp-content\/uploads\/2024\/11\/Ausolan_Post-X-FB-Lk-1-1-1024x576.png 1024w, \/wp-content\/uploads\/2024\/11\/Ausolan_Post-X-FB-Lk-1-1-300x169.png 300w, \/wp-content\/uploads\/2024\/11\/Ausolan_Post-X-FB-Lk-1-1-768x432.png 768w, \/wp-content\/uploads\/2024\/11\/Ausolan_Post-X-FB-Lk-1-1-1536x864.png 1536w, \/wp-content\/uploads\/2024\/11\/Ausolan_Post-X-FB-Lk-1-1-450x253.png 450w, \/wp-content\/uploads\/2024\/11\/Ausolan_Post-X-FB-Lk-1-1-900x506.png 900w, \/wp-content\/uploads\/2024\/11\/Ausolan_Post-X-FB-Lk-1-1-992x558.png 992w, \/wp-content\/uploads\/2024\/11\/Ausolan_Post-X-FB-Lk-1-1-1200x675.png 1200w, \/wp-content\/uploads\/2024\/11\/Ausolan_Post-X-FB-Lk-1-1.png 1600w\" data-sizes=\"(max-width: 1024px) 100vw, 1024px\" src=\"data:image\/gif;base64,R0lGODlhAQABAAAAACH5BAEKAAEALAAAAAABAAEAAAICTAEAOw==\" style=\"--smush-placeholder-width: 1024px; --smush-placeholder-aspect-ratio: 1024\/576;\" \/><\/figure>\n","protected":false},"excerpt":{"rendered":"<p>Ahir, 17 de novembre, l\u2019Ajuntament de Mondrag\u00f3n va inaugurar un carrer nou amb el nom \u00ab17 Emakume\u00bb (17 dones), on fins era el carrer Alfonso VIII. Un homenatge a les 17 dones valentes i pioneres que van fundar l\u2019empresa Auzo Lagun l\u2019any 1969, avui coneguda amb el nom Ausolan. A l\u2019acte, organitzat per l\u2019associaci\u00f3 Zuztarrak [&hellip;]<\/p>\n","protected":false},"author":1,"featured_media":3249,"comment_status":"closed","ping_status":"closed","sticky":false,"template":"","format":"standard","meta":{"_acf_changed":true,"footnotes":""},"categories":[77],"tags":[],"class_list":["post-3227","post","type-post","status-publish","format-standard","has-post-thumbnail","hentry","category-compromis"],"acf":[],"yoast_head":"<!-- This site is optimized with the Yoast SEO plugin v24.8.1 - https:\/\/yoast.com\/wordpress\/plugins\/seo\/ -->\n<title>Mondrag\u00f3n ret homenatge a les 17 dones fundadores d\u2019Ausolan amb un carrer en honor seu | Ausolan<\/title>\n<meta name=\"robots\" content=\"index, follow, max-snippet:-1, max-image-preview:large, max-video-preview:-1\" \/>\n<link rel=\"canonical\" href=\"https:\/\/www.ausolan.com\/ca\/actualitat\/mondragon-ret-homenatge-a-les-17-dones-fundadores-dausolan-amb-un-carrer-en-honor-seu\/\" \/>\n<meta property=\"og:locale\" content=\"ca_ES\" \/>\n<meta property=\"og:type\" content=\"article\" \/>\n<meta property=\"og:title\" content=\"Mondrag\u00f3n ret homenatge a les 17 dones fundadores d\u2019Ausolan amb un carrer en honor seu | Ausolan\" \/>\n<meta property=\"og:description\" content=\"Ahir, 17 de novembre, l\u2019Ajuntament de Mondrag\u00f3n va inaugurar un carrer nou amb el nom \u00ab17 Emakume\u00bb (17 dones), on fins era el carrer Alfonso VIII. Un homenatge a les 17 dones valentes i pioneres que van fundar l\u2019empresa Auzo Lagun l\u2019any 1969, avui coneguda amb el nom Ausolan. A l\u2019acte, organitzat per l\u2019associaci\u00f3 Zuztarrak [&hellip;]\" \/>\n<meta property=\"og:url\" content=\"https:\/\/www.ausolan.com\/ca\/actualitat\/mondragon-ret-homenatge-a-les-17-dones-fundadores-dausolan-amb-un-carrer-en-honor-seu\/\" \/>\n<meta property=\"og:site_name\" content=\"Ausolan\" \/>\n<meta property=\"article:published_time\" content=\"2024-11-18T15:03:32+00:00\" \/>\n<meta property=\"article:modified_time\" content=\"2024-11-18T16:40:05+00:00\" \/>\n<meta property=\"og:image\" content=\"https:\/\/www.ausolan.com\/wp-content\/uploads\/2024\/11\/Ausolan_Post-X-FB-Lk-2.png\" \/>\n\t<meta property=\"og:image:width\" content=\"1600\" \/>\n\t<meta property=\"og:image:height\" content=\"900\" \/>\n\t<meta property=\"og:image:type\" content=\"image\/png\" \/>\n<meta name=\"author\" content=\"ausolan\" \/>\n<meta name=\"twitter:card\" content=\"summary_large_image\" \/>\n<meta name=\"twitter:label1\" content=\"Escrit per\" \/>\n\t<meta name=\"twitter:data1\" content=\"ausolan\" \/>\n\t<meta name=\"twitter:label2\" content=\"Temps estimat de lectura\" \/>\n\t<meta name=\"twitter:data2\" content=\"2 minuts\" \/>\n<script type=\"application\/ld+json\" class=\"yoast-schema-graph\">{\"@context\":\"https:\/\/schema.org\",\"@graph\":[{\"@type\":\"WebPage\",\"@id\":\"https:\/\/www.ausolan.com\/ca\/actualitat\/mondragon-ret-homenatge-a-les-17-dones-fundadores-dausolan-amb-un-carrer-en-honor-seu\/\",\"url\":\"https:\/\/www.ausolan.com\/ca\/actualitat\/mondragon-ret-homenatge-a-les-17-dones-fundadores-dausolan-amb-un-carrer-en-honor-seu\/\",\"name\":\"Mondrag\u00f3n ret homenatge a les 17 dones fundadores d\u2019Ausolan amb un carrer en honor seu | Ausolan\",\"isPartOf\":{\"@id\":\"https:\/\/www.ausolan.com\/ca\/#website\"},\"primaryImageOfPage\":{\"@id\":\"https:\/\/www.ausolan.com\/ca\/actualitat\/mondragon-ret-homenatge-a-les-17-dones-fundadores-dausolan-amb-un-carrer-en-honor-seu\/#primaryimage\"},\"image\":{\"@id\":\"https:\/\/www.ausolan.com\/ca\/actualitat\/mondragon-ret-homenatge-a-les-17-dones-fundadores-dausolan-amb-un-carrer-en-honor-seu\/#primaryimage\"},\"thumbnailUrl\":\"\/wp-content\/uploads\/2024\/11\/Ausolan_Post-X-FB-Lk-2.png\",\"datePublished\":\"2024-11-18T15:03:32+00:00\",\"dateModified\":\"2024-11-18T16:40:05+00:00\",\"author\":{\"@id\":\"https:\/\/www.ausolan.com\/ca\/#\/schema\/person\/569b7059e96c50f7ad76b6c44b5e3015\"},\"breadcrumb\":{\"@id\":\"https:\/\/www.ausolan.com\/ca\/actualitat\/mondragon-ret-homenatge-a-les-17-dones-fundadores-dausolan-amb-un-carrer-en-honor-seu\/#breadcrumb\"},\"inLanguage\":\"ca\",\"potentialAction\":[{\"@type\":\"ReadAction\",\"target\":[\"https:\/\/www.ausolan.com\/ca\/actualitat\/mondragon-ret-homenatge-a-les-17-dones-fundadores-dausolan-amb-un-carrer-en-honor-seu\/\"]}]},{\"@type\":\"ImageObject\",\"inLanguage\":\"ca\",\"@id\":\"https:\/\/www.ausolan.com\/ca\/actualitat\/mondragon-ret-homenatge-a-les-17-dones-fundadores-dausolan-amb-un-carrer-en-honor-seu\/#primaryimage\",\"url\":\"\/wp-content\/uploads\/2024\/11\/Ausolan_Post-X-FB-Lk-2.png\",\"contentUrl\":\"\/wp-content\/uploads\/2024\/11\/Ausolan_Post-X-FB-Lk-2.png\",\"width\":1600,\"height\":900},{\"@type\":\"BreadcrumbList\",\"@id\":\"https:\/\/www.ausolan.com\/ca\/actualitat\/mondragon-ret-homenatge-a-les-17-dones-fundadores-dausolan-amb-un-carrer-en-honor-seu\/#breadcrumb\",\"itemListElement\":[{\"@type\":\"ListItem\",\"position\":1,\"name\":\"Portada\",\"item\":\"https:\/\/www.ausolan.com\/ca\/\"},{\"@type\":\"ListItem\",\"position\":2,\"name\":\"Mondrag\u00f3n ret homenatge a les 17 dones fundadores d\u2019Ausolan amb un carrer en honor seu\"}]},{\"@type\":\"WebSite\",\"@id\":\"https:\/\/www.ausolan.com\/ca\/#website\",\"url\":\"https:\/\/www.ausolan.com\/ca\/\",\"name\":\"Ausolan\",\"description\":\"Restauraci\u00f3 i neteja col\u00b7lectiva\",\"potentialAction\":[{\"@type\":\"SearchAction\",\"target\":{\"@type\":\"EntryPoint\",\"urlTemplate\":\"https:\/\/www.ausolan.com\/ca\/?s={search_term_string}\"},\"query-input\":{\"@type\":\"PropertyValueSpecification\",\"valueRequired\":true,\"valueName\":\"search_term_string\"}}],\"inLanguage\":\"ca\"},{\"@type\":\"Person\",\"@id\":\"https:\/\/www.ausolan.com\/ca\/#\/schema\/person\/569b7059e96c50f7ad76b6c44b5e3015\",\"name\":\"ausolan\",\"image\":{\"@type\":\"ImageObject\",\"inLanguage\":\"ca\",\"@id\":\"https:\/\/www.ausolan.com\/ca\/#\/schema\/person\/image\/\",\"url\":\"https:\/\/secure.gravatar.com\/avatar\/90cdb1518b5f37dba0ba233a32cd632e?s=96&d=mm&r=g\",\"contentUrl\":\"https:\/\/secure.gravatar.com\/avatar\/90cdb1518b5f37dba0ba233a32cd632e?s=96&d=mm&r=g\",\"caption\":\"ausolan\"},\"sameAs\":[\"https:\/\/www.ausolan.com\"],\"url\":\"https:\/\/www.ausolan.com\/ca\/author\/ausolan\/\"}]}<\/script>\n<!-- \/ Yoast SEO plugin. -->","yoast_head_json":{"title":"Mondrag\u00f3n ret homenatge a les 17 dones fundadores d\u2019Ausolan amb un carrer en honor seu | Ausolan","robots":{"index":"index","follow":"follow","max-snippet":"max-snippet:-1","max-image-preview":"max-image-preview:large","max-video-preview":"max-video-preview:-1"},"canonical":"https:\/\/www.ausolan.com\/ca\/actualitat\/mondragon-ret-homenatge-a-les-17-dones-fundadores-dausolan-amb-un-carrer-en-honor-seu\/","og_locale":"ca_ES","og_type":"article","og_title":"Mondrag\u00f3n ret homenatge a les 17 dones fundadores d\u2019Ausolan amb un carrer en honor seu | Ausolan","og_description":"Ahir, 17 de novembre, l\u2019Ajuntament de Mondrag\u00f3n va inaugurar un carrer nou amb el nom \u00ab17 Emakume\u00bb (17 dones), on fins era el carrer Alfonso VIII. Un homenatge a les 17 dones valentes i pioneres que van fundar l\u2019empresa Auzo Lagun l\u2019any 1969, avui coneguda amb el nom Ausolan. A l\u2019acte, organitzat per l\u2019associaci\u00f3 Zuztarrak [&hellip;]","og_url":"https:\/\/www.ausolan.com\/ca\/actualitat\/mondragon-ret-homenatge-a-les-17-dones-fundadores-dausolan-amb-un-carrer-en-honor-seu\/","og_site_name":"Ausolan","article_published_time":"2024-11-18T15:03:32+00:00","article_modified_time":"2024-11-18T16:40:05+00:00","og_image":[{"width":1600,"height":900,"url":"https:\/\/www.ausolan.com\/wp-content\/uploads\/2024\/11\/Ausolan_Post-X-FB-Lk-2.png","type":"image\/png"}],"author":"ausolan","twitter_card":"summary_large_image","twitter_misc":{"Escrit per":"ausolan","Temps estimat de lectura":"2 minuts"},"schema":{"@context":"https:\/\/schema.org","@graph":[{"@type":"WebPage","@id":"https:\/\/www.ausolan.com\/ca\/actualitat\/mondragon-ret-homenatge-a-les-17-dones-fundadores-dausolan-amb-un-carrer-en-honor-seu\/","url":"https:\/\/www.ausolan.com\/ca\/actualitat\/mondragon-ret-homenatge-a-les-17-dones-fundadores-dausolan-amb-un-carrer-en-honor-seu\/","name":"Mondrag\u00f3n ret homenatge a les 17 dones fundadores d\u2019Ausolan amb un carrer en honor seu | Ausolan","isPartOf":{"@id":"https:\/\/www.ausolan.com\/ca\/#website"},"primaryImageOfPage":{"@id":"https:\/\/www.ausolan.com\/ca\/actualitat\/mondragon-ret-homenatge-a-les-17-dones-fundadores-dausolan-amb-un-carrer-en-honor-seu\/#primaryimage"},"image":{"@id":"https:\/\/www.ausolan.com\/ca\/actualitat\/mondragon-ret-homenatge-a-les-17-dones-fundadores-dausolan-amb-un-carrer-en-honor-seu\/#primaryimage"},"thumbnailUrl":"\/wp-content\/uploads\/2024\/11\/Ausolan_Post-X-FB-Lk-2.png","datePublished":"2024-11-18T15:03:32+00:00","dateModified":"2024-11-18T16:40:05+00:00","author":{"@id":"https:\/\/www.ausolan.com\/ca\/#\/schema\/person\/569b7059e96c50f7ad76b6c44b5e3015"},"breadcrumb":{"@id":"https:\/\/www.ausolan.com\/ca\/actualitat\/mondragon-ret-homenatge-a-les-17-dones-fundadores-dausolan-amb-un-carrer-en-honor-seu\/#breadcrumb"},"inLanguage":"ca","potentialAction":[{"@type":"ReadAction","target":["https:\/\/www.ausolan.com\/ca\/actualitat\/mondragon-ret-homenatge-a-les-17-dones-fundadores-dausolan-amb-un-carrer-en-honor-seu\/"]}]},{"@type":"ImageObject","inLanguage":"ca","@id":"https:\/\/www.ausolan.com\/ca\/actualitat\/mondragon-ret-homenatge-a-les-17-dones-fundadores-dausolan-amb-un-carrer-en-honor-seu\/#primaryimage","url":"\/wp-content\/uploads\/2024\/11\/Ausolan_Post-X-FB-Lk-2.png","contentUrl":"\/wp-content\/uploads\/2024\/11\/Ausolan_Post-X-FB-Lk-2.png","width":1600,"height":900},{"@type":"BreadcrumbList","@id":"https:\/\/www.ausolan.com\/ca\/actualitat\/mondragon-ret-homenatge-a-les-17-dones-fundadores-dausolan-amb-un-carrer-en-honor-seu\/#breadcrumb","itemListElement":[{"@type":"ListItem","position":1,"name":"Portada","item":"https:\/\/www.ausolan.com\/ca\/"},{"@type":"ListItem","position":2,"name":"Mondrag\u00f3n ret homenatge a les 17 dones fundadores d\u2019Ausolan amb un carrer en honor seu"}]},{"@type":"WebSite","@id":"https:\/\/www.ausolan.com\/ca\/#website","url":"https:\/\/www.ausolan.com\/ca\/","name":"Ausolan","description":"Restauraci\u00f3 i neteja col\u00b7lectiva","potentialAction":[{"@type":"SearchAction","target":{"@type":"EntryPoint","urlTemplate":"https:\/\/www.ausolan.com\/ca\/?s={search_term_string}"},"query-input":{"@type":"PropertyValueSpecification","valueRequired":true,"valueName":"search_term_string"}}],"inLanguage":"ca"},{"@type":"Person","@id":"https:\/\/www.ausolan.com\/ca\/#\/schema\/person\/569b7059e96c50f7ad76b6c44b5e3015","name":"ausolan","image":{"@type":"ImageObject","inLanguage":"ca","@id":"https:\/\/www.ausolan.com\/ca\/#\/schema\/person\/image\/","url":"https:\/\/secure.gravatar.com\/avatar\/90cdb1518b5f37dba0ba233a32cd632e?s=96&d=mm&r=g","contentUrl":"https:\/\/secure.gravatar.com\/avatar\/90cdb1518b5f37dba0ba233a32cd632e?s=96&d=mm&r=g","caption":"ausolan"},"sameAs":["https:\/\/www.ausolan.com"],"url":"https:\/\/www.ausolan.com\/ca\/author\/ausolan\/"}]}},"_links":{"self":[{"href":"https:\/\/www.ausolan.com\/ca\/wp-json\/wp\/v2\/posts\/3227","targetHints":{"allow":["GET"]}}],"collection":[{"href":"https:\/\/www.ausolan.com\/ca\/wp-json\/wp\/v2\/posts"}],"about":[{"href":"https:\/\/www.ausolan.com\/ca\/wp-json\/wp\/v2\/types\/post"}],"author":[{"embeddable":true,"href":"https:\/\/www.ausolan.com\/ca\/wp-json\/wp\/v2\/users\/1"}],"replies":[{"embeddable":true,"href":"https:\/\/www.ausolan.com\/ca\/wp-json\/wp\/v2\/comments?post=3227"}],"version-history":[{"count":0,"href":"https:\/\/www.ausolan.com\/ca\/wp-json\/wp\/v2\/posts\/3227\/revisions"}],"wp:featuredmedia":[{"embeddable":true,"href":"https:\/\/www.ausolan.com\/ca\/wp-json\/wp\/v2\/media\/3249"}],"wp:attachment":[{"href":"https:\/\/www.ausolan.com\/ca\/wp-json\/wp\/v2\/media?parent=3227"}],"wp:term":[{"taxonomy":"category","embeddable":true,"href":"https:\/\/www.ausolan.com\/ca\/wp-json\/wp\/v2\/categories?post=3227"},{"taxonomy":"post_tag","embeddable":true,"href":"https:\/\/www.ausolan.com\/ca\/wp-json\/wp\/v2\/tags?post=3227"}],"curies":[{"name":"wp","href":"https:\/\/api.w.org\/{rel}","templated":true}]}}